{"id":69676,"date":"2020-12-08T11:54:53","date_gmt":"2020-12-08T14:54:53","guid":{"rendered":"https:\/\/www.actualidadadiario.com\/?p=69676"},"modified":"2020-12-08T11:54:53","modified_gmt":"2020-12-08T14:54:53","slug":"la-camara-de-diputados-vota-el-jueves-la-ley-de-interrupcion-voluntaria-del-embarazo","status":"publish","type":"post","link":"https:\/\/www.actualidadadiario.com\/index.php\/2020\/12\/08\/la-camara-de-diputados-vota-el-jueves-la-ley-de-interrupcion-voluntaria-del-embarazo\/","title":{"rendered":"La C\u00e1mara de Diputados vota el jueves la ley de interrupci\u00f3n voluntaria del embarazo"},"content":{"rendered":"<p style=\"text-align: center;\"><em><strong>Este mi\u00e9rcoles se firma el dictamen de comisi\u00f3n sobre IVE luego de que finalizaran los plenarios y audiencias<\/strong><\/em><\/p>\n<p>&nbsp;<\/p>\n<p>&nbsp;<\/p>\n<p>Luego de haber escuchado a m\u00e1s de 70 oradores, el plenario de las comisiones de Legislaci\u00f3n General, de Mujeres y Diversidad, de Legislaci\u00f3n Penal, y Acci\u00f3n Social y Salud finaliz\u00f3 el debate sobre el proyecto de ley de interrupci\u00f3n del embarazo. El pr\u00f3ximo paso se dar\u00e1 el mi\u00e9rcoles cuando se firme el dictamen que se votar\u00e1 el jueves en el recinto de la C\u00e1mara de Diputados.<\/p>\n<p>En la \u00faltima jornada de debate, los diputados argumentaron sus posturas a favor y en contra del proyecto casi sin cruces ni chicanas y con un ambiente respetuoso, a tono del debate que se espera para la sesi\u00f3n del jueves. El proyecto de ley para la Interrupci\u00f3n Voluntaria del Embarazo (IVE) que envi\u00f3 el Presidente Alberto Fern\u00e1ndez establece que &#8220;las mujeres y otras personas con identidades de g\u00e9nero con capacidad de gestar&#8221; tienen derecho a practicarse un aborto hasta la semana 14 del proceso gestacional.<\/p>\n<p>En la iniciativa del Poder Ejecutivo se establece que, pasada esa semana 14 se podr\u00e1 &#8220;acceder a la interrupci\u00f3n de su embarazo&#8221; si &#8220;fuere resultado de una violaci\u00f3n&#8221;, cuando se trate de ni\u00f1as menores de 13 a\u00f1os o si estuviera en peligro la vida o la salud integral de la persona.<\/p>\n<p>Adem\u00e1s, habilita la &#8220;objeci\u00f3n de conciencia&#8221; por parte de profesionales de la salud que no quieran llevar a cabo la pr\u00e1ctica, aunque no ser\u00e1 admitida a nivel institucional.<\/p>\n<p>&nbsp;<\/p>\n<p><strong>C\u00f3mo fue el debate sobre IVE<\/strong><\/p>\n<p>El plenario de comisiones fue conducido por el presidente de la comisi\u00f3n de Acci\u00f3n Social y Salud, Pablo Yedlin quien manej\u00f3 el uso de la palabra para la expresi\u00f3n de todos los sectores. La diputada oficialista Karim Sbodio repudi\u00f3 los escraches que recibieron en los \u00faltimos d\u00edas algunos legisladores del oficialismo y la oposici\u00f3n por su postura a favor de la Interrupci\u00f3n Voluntaria del Embarazo (IVE) y aclar\u00f3 que su &#8220;posici\u00f3n es contraria a la legalizaci\u00f3n del aborto&#8221;.<\/p>\n<p>Fue uno de los cinco legisladores que se pronunciaron en contra del proyecto, junto Vanesa Massetani, del Frente de Todos; Graciela Cama\u00f1o, de Consenso Federal; y Victoria Morales Gorleri y Dina Rezinovisky, de PRO. &#8220;No puede haber ampliaci\u00f3n de derechos si lo que est\u00e1 en juego es la vida de otro&#8221;, afirm\u00f3 Cama\u00f1o. Y solt\u00f3: &#8220;Mis colegas est\u00e1n paradas en el derecho de la mujer. Yo estoy parada en el derecho a la vida&#8221;.<\/p>\n<p>Leonardo Grosso, del Frente de Todos, remarc\u00f3 que el proyecto que se est\u00e1 tratando es resultado de &#8220;la larga lucha de los feminismos&#8221; y que &#8220;no se debate abortos s\u00ed, aborto no. Lo que se debate es si los abortos se siguen haciendo en la clandestinidad o se hacen de manera segura&#8221;.<\/p>\n<p>La diputada oficialista Alcira Figueroa, que reemplaz\u00f3 a Juan Ameri -quien protagoniz\u00f3 una escena er\u00f3tica en plena sesi\u00f3n remota- dijo que invoc\u00f3 &#8220;a la madre tierra, la pachamama&#8221;. &#8220;El aborto es una pr\u00e1ctica milenaria y universal en la cultura aimara, a la que pertenezco. Cuando hab\u00eda un embarazo no ideado se echaba mano de las hierbas para el aborto. \u00bfEn qu\u00e9 momento el aborto pas\u00f3 a hacer un pecado y la mujer criminalizada?&#8221;, manifest\u00f3.<\/p>\n<p>La diputada radical Brenda Austin record\u00f3 que en 2018 &#8220;verdes&#8221; y &#8220;celestes&#8221; coincidieron en que era preciso cumplir con la Educaci\u00f3n Sexual Integral (ESI) y luego se &#8220;arm\u00f3 una batalla campal&#8221; para impedir que se impartiera en las escuelas.<\/p>\n","protected":false},"excerpt":{"rendered":"<p>Este mi\u00e9rcoles se firma el dictamen de comisi\u00f3n sobre IVE luego de que finalizaran los plenarios y audiencias &nbsp; &nbsp; Luego de haber escuchado a m\u00e1s de 70 oradores, el plenario de las comisiones de Legislaci\u00f3n General, de Mujeres y Diversidad, de Legislaci\u00f3n Penal, y Acci\u00f3n Social y Salud finaliz\u00f3 el debate sobre el proyecto de ley de interrupci\u00f3n del embarazo. El pr\u00f3ximo paso se dar\u00e1 el mi\u00e9rcoles cuando se firme el dictamen que se votar\u00e1 el jueves en el recinto de la C\u00e1mara de Diputados. En la \u00faltima jornada&#8230;<\/p>\n","protected":false},"author":3,"featured_media":58711,"comment_status":"closed","ping_status":"closed","sticky":false,"template":"","format":"standard","meta":[],"categories":[9,18],"tags":[],"_links":{"self":[{"href":"https:\/\/www.actualidadadiario.com\/index.php\/wp-json\/wp\/v2\/posts\/69676"}],"collection":[{"href":"https:\/\/www.actualidadadiario.com\/index.php\/wp-json\/wp\/v2\/posts"}],"about":[{"href":"https:\/\/www.actualidadadiario.com\/index.php\/wp-json\/wp\/v2\/types\/post"}],"author":[{"embeddable":true,"href":"https:\/\/www.actualidadadiario.com\/index.php\/wp-json\/wp\/v2\/users\/3"}],"replies":[{"embeddable":true,"href":"https:\/\/www.actualidadadiario.com\/index.php\/wp-json\/wp\/v2\/comments?post=69676"}],"version-history":[{"count":1,"href":"https:\/\/www.actualidadadiario.com\/index.php\/wp-json\/wp\/v2\/posts\/69676\/revisions"}],"predecessor-version":[{"id":69677,"href":"https:\/\/www.actualidadadiario.com\/index.php\/wp-json\/wp\/v2\/posts\/69676\/revisions\/69677"}],"wp:featuredmedia":[{"embeddable":true,"href":"https:\/\/www.actualidadadiario.com\/index.php\/wp-json\/wp\/v2\/media\/58711"}],"wp:attachment":[{"href":"https:\/\/www.actualidadadiario.com\/index.php\/wp-json\/wp\/v2\/media?parent=69676"}],"wp:term":[{"taxonomy":"category","embeddable":true,"href":"https:\/\/www.actualidadadiario.com\/index.php\/wp-json\/wp\/v2\/categories?post=69676"},{"taxonomy":"post_tag","embeddable":true,"href":"https:\/\/www.actualidadadiario.com\/index.php\/wp-json\/wp\/v2\/tags?post=69676"}],"curies":[{"name":"wp","href":"https:\/\/api.w.org\/{rel}","templated":true}]}}