{"id":69673,"date":"2020-12-08T11:53:54","date_gmt":"2020-12-08T14:53:54","guid":{"rendered":"https:\/\/www.actualidadadiario.com\/?p=69673"},"modified":"2020-12-08T11:53:54","modified_gmt":"2020-12-08T14:53:54","slug":"diputados-con-sesion-presencial-burbuja-y-test-de-pcr","status":"publish","type":"post","link":"https:\/\/www.actualidadadiario.com\/index.php\/2020\/12\/08\/diputados-con-sesion-presencial-burbuja-y-test-de-pcr\/","title":{"rendered":"Diputados con sesi\u00f3n presencial: &#8220;burbuja&#8221; y test de PCR"},"content":{"rendered":"<p style=\"text-align: center;\"><em><strong>La sesi\u00f3n del jueves se estima que durar\u00e1 36 horas para escuchar todas las posturas<\/strong><\/em><\/p>\n<p>&nbsp;<\/p>\n<p>&nbsp;<\/p>\n<p>&nbsp;<\/p>\n<p>La sesi\u00f3n prevista para el jueves ser\u00e1 la primera presencial desde que se declar\u00f3 la pandemia por coronavirus en el pa\u00eds, y el protocolo que se seguir\u00e1 fue motivo de negociaciones entre el oficialismo y la oposici\u00f3n.<\/p>\n<p>El titular de la comisi\u00f3n de Salud de la C\u00e1mara de Diputados, Pablo Yedlin (Frente de Todos), confirm\u00f3 que las sesiones ser\u00e1n presenciales &#8220;tipo burbuja&#8221; y con la realizaci\u00f3n de un test PCR de coronavirus, antes de ingresar al recinto.<\/p>\n<p>&#8220;Habr\u00e1 algunas excepciones, muy puntuales, que deber\u00e1n gestionarse, como por ejemplo para personas embarazadas, mayores de 60 a\u00f1os o con compromisos en su defensa de salud&#8221;, destac\u00f3 que Yedlin en declaraciones a radio Millenium.<\/p>\n<p>Tambi\u00e9n se contempla la situaci\u00f3n de aquellos que tengan que cumplir aislamiento por ser contacto de una persona con Covid-19 puedan participar y votar de sus hogares, como el caso del jefe del bloque del Frente de Todos, M\u00e1ximo Kirchner.<\/p>\n<p>&nbsp;<\/p>\n<p><strong>Sesi\u00f3n preparatoria<\/strong><\/p>\n<p>El mi\u00e9rcoles se realiza la sesi\u00f3n en la cual Sergio Massa ser\u00e1 reelecto como presidente de la C\u00e1mara de Diputados. Fue citada para las 13 y all\u00ed se renovar\u00e1n las autoridades de la c\u00e1mara que conducir\u00e1n el cuerpo legislativo hasta el 9 de diciembre del 2021, cuando se produzca la renovaci\u00f3n parlamentaria. Tambi\u00e9n se elegir\u00e1n las tres vicepresidencias y se renovar\u00e1n las autoridades administrativas.<\/p>\n<p>Fuentes parlamentarias se\u00f1alaron que \u00c1lvaro Gonz\u00e1lez, de Juntos por el Cambio, se mantendr\u00e1 en la vicepresidencia primera; Jos\u00e9 Luis Gioja, del Frente de Todos, en la vice segunda y el radical Alfredo Cornejo en la tercera.<\/p>\n<p>Tambi\u00e9n proseguir\u00e1n en sus cargos los secretarios parlamentarios, Eduardo Cergnul; general, Juan Manuel Cheppi; administrativo, Rodrigo Rodr\u00edguez, y de coordinaci\u00f3n operativa, Luis Borsani.<\/p>\n<p>En las prosecretar\u00edas Parlamentaria continuar\u00e1 Marta Luchetta y en la Administrativa Luis Samn y Pedro Pretto.<\/p>\n","protected":false},"excerpt":{"rendered":"<p>La sesi\u00f3n del jueves se estima que durar\u00e1 36 horas para escuchar todas las posturas &nbsp; &nbsp; &nbsp; La sesi\u00f3n prevista para el jueves ser\u00e1 la primera presencial desde que se declar\u00f3 la pandemia por coronavirus en el pa\u00eds, y el protocolo que se seguir\u00e1 fue motivo de negociaciones entre el oficialismo y la oposici\u00f3n. El titular de la comisi\u00f3n de Salud de la C\u00e1mara de Diputados, Pablo Yedlin (Frente de Todos), confirm\u00f3 que las sesiones ser\u00e1n presenciales &#8220;tipo burbuja&#8221; y con la realizaci\u00f3n de un test PCR de coronavirus,&#8230;<\/p>\n","protected":false},"author":3,"featured_media":69674,"comment_status":"closed","ping_status":"closed","sticky":false,"template":"","format":"standard","meta":[],"categories":[18],"tags":[],"_links":{"self":[{"href":"https:\/\/www.actualidadadiario.com\/index.php\/wp-json\/wp\/v2\/posts\/69673"}],"collection":[{"href":"https:\/\/www.actualidadadiario.com\/index.php\/wp-json\/wp\/v2\/posts"}],"about":[{"href":"https:\/\/www.actualidadadiario.com\/index.php\/wp-json\/wp\/v2\/types\/post"}],"author":[{"embeddable":true,"href":"https:\/\/www.actualidadadiario.com\/index.php\/wp-json\/wp\/v2\/users\/3"}],"replies":[{"embeddable":true,"href":"https:\/\/www.actualidadadiario.com\/index.php\/wp-json\/wp\/v2\/comments?post=69673"}],"version-history":[{"count":1,"href":"https:\/\/www.actualidadadiario.com\/index.php\/wp-json\/wp\/v2\/posts\/69673\/revisions"}],"predecessor-version":[{"id":69675,"href":"https:\/\/www.actualidadadiario.com\/index.php\/wp-json\/wp\/v2\/posts\/69673\/revisions\/69675"}],"wp:featuredmedia":[{"embeddable":true,"href":"https:\/\/www.actualidadadiario.com\/index.php\/wp-json\/wp\/v2\/media\/69674"}],"wp:attachment":[{"href":"https:\/\/www.actualidadadiario.com\/index.php\/wp-json\/wp\/v2\/media?parent=69673"}],"wp:term":[{"taxonomy":"category","embeddable":true,"href":"https:\/\/www.actualidadadiario.com\/index.php\/wp-json\/wp\/v2\/categories?post=69673"},{"taxonomy":"post_tag","embeddable":true,"href":"https:\/\/www.actualidadadiario.com\/index.php\/wp-json\/wp\/v2\/tags?post=69673"}],"curies":[{"name":"wp","href":"https:\/\/api.w.org\/{rel}","templated":true}]}}