{"id":69668,"date":"2020-12-08T11:52:34","date_gmt":"2020-12-08T14:52:34","guid":{"rendered":"https:\/\/www.actualidadadiario.com\/?p=69668"},"modified":"2020-12-08T11:52:34","modified_gmt":"2020-12-08T14:52:34","slug":"la-onu-valora-el-tratamiento-del-proyecto-sobre-interrupcion-voluntaria-del-embarazo-en-argentina","status":"publish","type":"post","link":"https:\/\/www.actualidadadiario.com\/index.php\/2020\/12\/08\/la-onu-valora-el-tratamiento-del-proyecto-sobre-interrupcion-voluntaria-del-embarazo-en-argentina\/","title":{"rendered":"La ONU valora el tratamiento del proyecto sobre Interrupci\u00f3n Voluntaria del Embarazo en Argentina"},"content":{"rendered":"<p style=\"text-align: center;\"><em><strong>En una carta que le envi\u00f3 al representante argentino ante la ONU en Ginebra, Federico Villegas, la Relatora Especial sobre la violencia contra la mujer, sus causas y consecuencias de la Comisi\u00f3n de Derechos Humanos de Naciones Unidas inst\u00f3 al gobierno &#8220;a tomar todas las medidas necesarias para lograr su aprobaci\u00f3n en el Congreso de la Naci\u00f3n&#8221;<\/strong><\/em><\/p>\n<p>&nbsp;<\/p>\n<p>&nbsp;<\/p>\n<p>La Relatora Especial sobre la violencia contra la mujer, sus causas y consecuencias de la Comisi\u00f3n de Derechos Humanos de Naciones Unidas, Dubravka S\u030cimonovic, celebr\u00f3 este lunes el env\u00edo de los proyectos de ley de Interrupci\u00f3n Voluntaria del Embarazo y el de Cuidado Integral de la Salud durante el Embarazo y la Primera Infancia, y dijo que &#8220;dan cumplimiento a las obligaciones internacionales&#8221; del pa\u00eds &#8220;en materia de derechos humanos&#8221;.<\/p>\n<p>El pasado 26 de noviembre, la ministra de las Mujeres, G\u00e9neros y Diversidad de la Naci\u00f3n, Elizabeth G\u00f3mez Alcorta, inform\u00f3 a S\u030cimonovic sobre el env\u00edo al Congreso de la Naci\u00f3n de las iniciativas para legalizar el aborto y para garantizar el Cuidado Integral de la Salud durante el Embarazo y la Primera Infancia por parte del Poder Ejecutivo.<\/p>\n<p>S\u030cimonovic record\u00f3 que, tras su visita al pa\u00eds en 2016, se\u00f1al\u00f3 que &#8220;la penalizaci\u00f3n del aborto, sumado al hecho de que personal m\u00e9dico solicitara autorizaci\u00f3n judicial a la hora de practicar interrupciones del embarazo incluso cuando se deb\u00edan realizar dentro de las causales previstas en el C\u00f3digo Penal, convert\u00eda al aborto en una pr\u00e1ctica inaccesible incluso en los casos excepcionales contemplados por la ley&#8221;.<\/p>\n<p>La Relatora Especial asegur\u00f3 que entonces recomend\u00f3 &#8220;que se suprimieran las medidas punitivas que penalizan a las mujeres que se someten a abortos y se aprobara una ley que regulara los abortos legales, al menos en lo concerniente a embarazos resultantes de una violaci\u00f3n o incesto, en los que la vida o salud de la embarazada este\u0301 en peligro, y en los que exista una deficiencia fetal grave&#8221;.<\/p>\n<p>Tambi\u00e9n record\u00f3 que sugiri\u00f3 &#8220;que se establecieran requisitos justificativos para evitar la invocaci\u00f3n general de la objeci\u00f3n de consciencia por los m\u00e9dicos que se nieguen a llevar a cabo abortos&#8221;.<\/p>\n<p>Es en este contexto en el que S\u030cimonovic celebr\u00f3 la elaboraci\u00f3n de estos proyectos de ley que &#8220;expresamente se enmarcan en el derecho internacional de los derechos humanos y tratan de apoyar a las mujeres en sus decisiones reproductivas&#8221;.<\/p>\n<p>Tras destacar la importancia de la legislaci\u00f3n tendiente a proteger los derechos sexuales y reproductivos de las mujeres, manifest\u00f3 el apoyo de su mandato a estas iniciativas y solicit\u00f3 que se tomen &#8220;las medidas necesarias para promover y aprobar los proyectos de ley en el Congreso Nacional, en cumplimiento a las obligaciones internacionales en materia de derechos humanos de Argentina&#8221;.<\/p>\n","protected":false},"excerpt":{"rendered":"<p>En una carta que le envi\u00f3 al representante argentino ante la ONU en Ginebra, Federico Villegas, la Relatora Especial sobre la violencia contra la mujer, sus causas y consecuencias de la Comisi\u00f3n de Derechos Humanos de Naciones Unidas inst\u00f3 al gobierno &#8220;a tomar todas las medidas necesarias para lograr su aprobaci\u00f3n en el Congreso de la Naci\u00f3n&#8221; &nbsp; &nbsp; La Relatora Especial sobre la violencia contra la mujer, sus causas y consecuencias de la Comisi\u00f3n de Derechos Humanos de Naciones Unidas, Dubravka S\u030cimonovic, celebr\u00f3 este lunes el env\u00edo de los&#8230;<\/p>\n","protected":false},"author":3,"featured_media":49163,"comment_status":"closed","ping_status":"closed","sticky":false,"template":"","format":"standard","meta":[],"categories":[9,18],"tags":[],"_links":{"self":[{"href":"https:\/\/www.actualidadadiario.com\/index.php\/wp-json\/wp\/v2\/posts\/69668"}],"collection":[{"href":"https:\/\/www.actualidadadiario.com\/index.php\/wp-json\/wp\/v2\/posts"}],"about":[{"href":"https:\/\/www.actualidadadiario.com\/index.php\/wp-json\/wp\/v2\/types\/post"}],"author":[{"embeddable":true,"href":"https:\/\/www.actualidadadiario.com\/index.php\/wp-json\/wp\/v2\/users\/3"}],"replies":[{"embeddable":true,"href":"https:\/\/www.actualidadadiario.com\/index.php\/wp-json\/wp\/v2\/comments?post=69668"}],"version-history":[{"count":1,"href":"https:\/\/www.actualidadadiario.com\/index.php\/wp-json\/wp\/v2\/posts\/69668\/revisions"}],"predecessor-version":[{"id":69669,"href":"https:\/\/www.actualidadadiario.com\/index.php\/wp-json\/wp\/v2\/posts\/69668\/revisions\/69669"}],"wp:featuredmedia":[{"embeddable":true,"href":"https:\/\/www.actualidadadiario.com\/index.php\/wp-json\/wp\/v2\/media\/49163"}],"wp:attachment":[{"href":"https:\/\/www.actualidadadiario.com\/index.php\/wp-json\/wp\/v2\/media?parent=69668"}],"wp:term":[{"taxonomy":"category","embeddable":true,"href":"https:\/\/www.actualidadadiario.com\/index.php\/wp-json\/wp\/v2\/categories?post=69668"},{"taxonomy":"post_tag","embeddable":true,"href":"https:\/\/www.actualidadadiario.com\/index.php\/wp-json\/wp\/v2\/tags?post=69668"}],"curies":[{"name":"wp","href":"https:\/\/api.w.org\/{rel}","templated":true}]}}