{"id":69663,"date":"2020-12-08T11:22:43","date_gmt":"2020-12-08T14:22:43","guid":{"rendered":"https:\/\/www.actualidadadiario.com\/?p=69663"},"modified":"2020-12-08T11:22:43","modified_gmt":"2020-12-08T14:22:43","slug":"ultimo-dia-para-anotarse-a-la-beca-progresar-que-paga-hasta-6-900","status":"publish","type":"post","link":"https:\/\/www.actualidadadiario.com\/index.php\/2020\/12\/08\/ultimo-dia-para-anotarse-a-la-beca-progresar-que-paga-hasta-6-900\/","title":{"rendered":"\u00daltimo d\u00eda para anotarse a la beca Progresar, que paga hasta $6.900"},"content":{"rendered":"<p style=\"text-align: center;\"><em><strong>Se trata de un plan de ayuda econ\u00f3mica para personas mayores de 18 a\u00f1os que cursan estudios primarios, secundarios o que estudian carreras profesionales<\/strong><\/em><\/p>\n<p>&nbsp;<\/p>\n<p>&nbsp;<\/p>\n<p>&nbsp;<\/p>\n<p>Este martes 8 de diciembre es el \u00faltimo d\u00eda de inscripci\u00f3n para entrar en la Beca Progresar, que se pagar\u00e1 durante todo el 2021. Est\u00e1 apuntado a personas mayores de 18 a\u00f1os que cursan estudios primarios, secundarios o que estudian carreras profesionales y tienen bajos ingresos.<\/p>\n<p>El Gobierno hab\u00eda extendido el per\u00edodo de inscripci\u00f3n hasta 30 d\u00edas despu\u00e9s de que termine el aislamiento social, preventivo y obligatorio (ASPO), que finaliz\u00f3 el 6 de noviembre. De esta forma, este martes es el \u00faltimo d\u00eda para poder recibir el beneficio de la beca Progresar durante todo el 2021, que paga entre $2.100 y $6.900 de acuerdo a qu\u00e9 grupo integre el estudiante.<\/p>\n<p>&nbsp;<\/p>\n<p><strong>Qui\u00e9nes se pueden anotar al Progresar<\/strong><\/p>\n<p>La beca Progresar se paga a trav\u00e9s de Anses y est\u00e1 destinada personas de entre 18 y 24 a\u00f1os cuyos ingresos (incluyendo el grupo familiar) no superen los 3 salarios m\u00ednimos. Sin embargo, en casos especiales se extienden los l\u00edmites de edad:<\/p>\n<ul>\n<li>Las mujeres con hijos\/as de hasta 18 a\u00f1os de edad que se encuentren a cargo del hogar pueden anotarse hasta los 30 a\u00f1os para que terminen la escuela primaria o la escuela secundaria, y hasta los 35 a\u00f1os para estudios terciarios o universitarios.<\/li>\n<li>Las personas de las comunidades ind\u00edgenas o pertenecientes a pueblos originarios quedan exceptuadas del requisito de la edad en la l\u00ednea educaci\u00f3n superior. Para nivel obligatorio y formaci\u00f3n profesional, pueden anotarse hasta los 30 a\u00f1os.<\/li>\n<li>Las personas trans y travestis no tienen l\u00edmite de edad para inscribirse en todas las l\u00edneas de Progresar.<\/li>\n<li>Las personas con discapacidad no tienen l\u00edmite de edad en todas las l\u00edneas de Progresar.<\/li>\n<\/ul>\n<p>&nbsp;<\/p>\n<p><strong>Requisitos para anotarse al Progresar<\/strong><\/p>\n<ul>\n<li>Ser argentino\/a nativo\/a o naturalizado\/a con DNI o residente legal con al menos 5 a\u00f1os.<\/li>\n<li>La suma de tus ingresos y los de tu grupo familiar no debe superar los 3 salarios m\u00ednimos, vitales y m\u00f3viles (hoy un salario m\u00ednimo es de $20.587)<\/li>\n<\/ul>\n<p>&nbsp;<\/p>\n<p><strong>C\u00f3mo inscribirse en Progresar<\/strong><\/p>\n<p>La inscripci\u00f3n para educaci\u00f3n obligatoria y superior se realiza ingresando en el siguiente link: https:\/\/progresar.educacion.gob.ar\/<\/p>\n<p>All\u00ed se completar\u00e1 un formulario de inscripci\u00f3n de acuerdo a qu\u00e9 beca se solicita, con los datos del solicitante y su situaci\u00f3n econ\u00f3mica y educativa.<\/p>\n<p>&nbsp;<\/p>\n<p><strong>Educaci\u00f3n obligatoria: Cu\u00e1nto, c\u00f3mo y cu\u00e1ndo cobro<\/strong><\/p>\n<p>Abarca estudios primarios y secundarios:<\/p>\n<p>&nbsp;<\/p>\n<ul>\n<li>El monto es de $2.100 por mes. Se cobra por ciclo lectivo (de marzo a diciembre) un m\u00e1ximo de 10 cuotas mensuales.<\/li>\n<li>Cobr\u00e1s el 80% mensualmente y el 20% restante si acredit\u00e1s que fuiste alumno regular.<\/li>\n<li>El dinero se deposita en una cuenta bancaria y tendr\u00e1s una tarjeta de d\u00e9bito para comprar y retirar efectivo.<\/li>\n<li>Una vez aprobada la inscripci\u00f3n, pod\u00e9s consultar en Fecha y lugar de cobro cu\u00e1ndo comenz\u00e1s a cobrar.<\/li>\n<\/ul>\n<p>&nbsp;<\/p>\n<p><strong>Cu\u00e1nto se cobra en el Progresar por estudios superiores<\/strong><\/p>\n<p>Abarca carreras universitarias y terciarias. Los montos aumentan a medida que los estudiantes avanzan en sus carreras y hay montos diferenciales para fomentar el estudio de \u00e1reas estrat\u00e9gicas para el desarrollo nacional.<\/p>\n<p>Si ya sos estudiante de nivel superior y quer\u00e9s acceder a esta beca, deber\u00e1s contar con m\u00e1s del 50% de las materias aprobadas seg\u00fan tu plan de estudio y tu a\u00f1o de cursada.<\/p>\n<p>&nbsp;<\/p>\n<p><strong>Carreras universitarias:<\/strong><\/p>\n<p>Para estudiantes de 1\u00ba y 2\u00ba a\u00f1o &#8211; $2.250<\/p>\n<p>Para estudiantes de 3\u00ba y 4\u00ba a\u00f1o &#8211; $2.700<\/p>\n<p>Para estudiantes de 5\u00ba a\u00f1o &#8211; $3.250<\/p>\n<p>Carreras universitarias consideradas estrat\u00e9gicas:<\/p>\n<p>Para estudiantes de 1\u00ba a\u00f1o &#8211; $ 2.550<\/p>\n<p>Para estudiantes de 2\u00ba a\u00f1o &#8211; $ 3.100<\/p>\n<p>Para estudiantes de 3\u00ba a\u00f1o &#8211; $ 4.100<\/p>\n<p>Para estudiantes de 4\u00ba a\u00f1o &#8211; $ 5.350<\/p>\n<p>Para estudiantes de 5\u00ba a\u00f1o &#8211; $ 6.900<\/p>\n<p>&nbsp;<\/p>\n<p><strong>Carreras de educaci\u00f3n superior no universitarias:<\/strong><\/p>\n<p>Para estudiantes de 1\u00ba y 2\u00ba a\u00f1o &#8211; $ 2.250<\/p>\n<p>Para estudiantes de 3\u00ba y 4\u00ba a\u00f1o &#8211; $ 2.700<\/p>\n<p>&nbsp;<\/p>\n<p><strong>Carreras de educaci\u00f3n superior no universitarias consideradas estrat\u00e9gicas:<\/strong><\/p>\n<p>Para estudiantes de 1\u00ba a\u00f1o &#8211; $ 2.550<\/p>\n<p>Para estudiantes de 2\u00ba a\u00f1o &#8211; $ 2.800<\/p>\n<p>Para estudiantes de 3\u00ba a\u00f1o &#8211; $ 3.650<\/p>\n<p>Los becarios que est\u00e1n ingresando por primera vez a la carrera, recibir\u00e1n mensualmente el 80% del monto asignado, mientras que el otro 20% al inicio del a\u00f1o siguiente, si al terminar el ciclo lectivo actual cumple con los requisitos de aprobaci\u00f3n de la cursada correspondiente.<\/p>\n<p>Los becarios avanzados haya o no sido becario con anterioridad, se les abonar\u00e1 el cien por ciento (100%) del monto de la misma desde la primera cuota siempre que acredite haber aprobado m\u00e1s del cincuenta por ciento (50%) de las materias seg\u00fan plan de estudios y a\u00f1o de cursada.<\/p>\n","protected":false},"excerpt":{"rendered":"<p>Se trata de un plan de ayuda econ\u00f3mica para personas mayores de 18 a\u00f1os que cursan estudios primarios, secundarios o que estudian carreras profesionales &nbsp; &nbsp; &nbsp; Este martes 8 de diciembre es el \u00faltimo d\u00eda de inscripci\u00f3n para entrar en la Beca Progresar, que se pagar\u00e1 durante todo el 2021. Est\u00e1 apuntado a personas mayores de 18 a\u00f1os que cursan estudios primarios, secundarios o que estudian carreras profesionales y tienen bajos ingresos. El Gobierno hab\u00eda extendido el per\u00edodo de inscripci\u00f3n hasta 30 d\u00edas despu\u00e9s de que termine el aislamiento&#8230;<\/p>\n","protected":false},"author":3,"featured_media":69664,"comment_status":"closed","ping_status":"closed","sticky":false,"template":"","format":"standard","meta":[],"categories":[2],"tags":[],"_links":{"self":[{"href":"https:\/\/www.actualidadadiario.com\/index.php\/wp-json\/wp\/v2\/posts\/69663"}],"collection":[{"href":"https:\/\/www.actualidadadiario.com\/index.php\/wp-json\/wp\/v2\/posts"}],"about":[{"href":"https:\/\/www.actualidadadiario.com\/index.php\/wp-json\/wp\/v2\/types\/post"}],"author":[{"embeddable":true,"href":"https:\/\/www.actualidadadiario.com\/index.php\/wp-json\/wp\/v2\/users\/3"}],"replies":[{"embeddable":true,"href":"https:\/\/www.actualidadadiario.com\/index.php\/wp-json\/wp\/v2\/comments?post=69663"}],"version-history":[{"count":1,"href":"https:\/\/www.actualidadadiario.com\/index.php\/wp-json\/wp\/v2\/posts\/69663\/revisions"}],"predecessor-version":[{"id":69665,"href":"https:\/\/www.actualidadadiario.com\/index.php\/wp-json\/wp\/v2\/posts\/69663\/revisions\/69665"}],"wp:featuredmedia":[{"embeddable":true,"href":"https:\/\/www.actualidadadiario.com\/index.php\/wp-json\/wp\/v2\/media\/69664"}],"wp:attachment":[{"href":"https:\/\/www.actualidadadiario.com\/index.php\/wp-json\/wp\/v2\/media?parent=69663"}],"wp:term":[{"taxonomy":"category","embeddable":true,"href":"https:\/\/www.actualidadadiario.com\/index.php\/wp-json\/wp\/v2\/categories?post=69663"},{"taxonomy":"post_tag","embeddable":true,"href":"https:\/\/www.actualidadadiario.com\/index.php\/wp-json\/wp\/v2\/tags?post=69663"}],"curies":[{"name":"wp","href":"https:\/\/api.w.org\/{rel}","templated":true}]}}