{"id":69297,"date":"2020-11-17T12:50:11","date_gmt":"2020-11-17T15:50:11","guid":{"rendered":"https:\/\/www.actualidadadiario.com\/?p=69297"},"modified":"2020-12-02T20:49:40","modified_gmt":"2020-12-02T23:49:40","slug":"ley-pino-solanas-de-que-se-trata-el-proyecto-de-diputados-para-homenajear-al-ex-cineasta-y-politico-argentino","status":"publish","type":"post","link":"https:\/\/www.actualidadadiario.com\/index.php\/2020\/11\/17\/ley-pino-solanas-de-que-se-trata-el-proyecto-de-diputados-para-homenajear-al-ex-cineasta-y-politico-argentino\/","title":{"rendered":"Ley Pino Solanas: de qu\u00e9 se trata el proyecto de Diputados para homenajear al ex cineasta y pol\u00edtico argentino"},"content":{"rendered":"<p style=\"text-align: center;\"><em><strong>La iniciativa fue propuesta por el presidente de la Comisi\u00f3n de Recursos Naturales, Leonardo Grosso<\/strong><\/em><\/p>\n<p>&nbsp;<\/p>\n<p>Este lunes, las comisiones de Recursos Naturales (RR.NN.) y de Educaci\u00f3n de la C\u00e1mara de Diputados de la Naci\u00f3n dieron dictamen por unanimidad al proyecto de ley de presupuestos m\u00ednimos para la educaci\u00f3n ambiental, enviado por el Poder Ejecutivo. En este marco, el presidente de la Comisi\u00f3n de RR.NN., Leonardo Grosso, propuso bautizar la norma con el nombre de Fernando \u2018Pino\u2019 Solanas, en homenaje al dirigente y cineasta por su empe\u00f1o en el cuidado del medioambiente a lo largo de su trayectoria.<\/p>\n<p>\u201c\u2019Pino\u2019 Solanas \u2013fallecido hace una semana\u2013 fue un referente de la lucha en la preservaci\u00f3n del ambiente. Me parece correcto que esta ley, que es un avance important\u00edsimo en materia educativa y ambiental y por la que tanto pele\u00f3, lleve el nombre de \u00e9l\u201d, sostuvo Grosso mediante videoconferencia, de la cual estuvieron como testigos los ministros Juan Cabandi\u00e9 (Ambiente) y Nicol\u00e1s Trotta (Educaci\u00f3n). En tanto, sus pares de comisi\u00f3n aceptaron la propuesta.<\/p>\n<p>El proyecto de ley de presupuestos m\u00ednimos para la educaci\u00f3n ambiental, que qued\u00f3 en condiciones de ser tratado en el recinto, establece el derecho a la educaci\u00f3n ambiental como una pol\u00edtica p\u00fablica nacional de acuerdo al art\u00edculo 41 de la Constituci\u00f3n Nacional y a las leyes y tratados internacionales vinculados a la materia.<\/p>\n<p>Asimismo, el texto entiende a la educaci\u00f3n ambiental como un proceso permanente, apoyado en una serie de objetivos, a saber: un abordaje interpretativo y hol\u00edstico; el respeto por la biodiversidad; los principios de equidad y de igualdad desde el enfoque de g\u00e9nero; y el reconocimiento de la diversidad cultural, el rescate y la preservaci\u00f3n de las culturas de los pueblos originarios.<\/p>\n<p>Tambi\u00e9n se establecen como fundamentos la participaci\u00f3n y la formaci\u00f3n ciudadana; el cuidado del patrimonio natural y cultural; la problem\u00e1tica ambiental; la educaci\u00f3n en valores; el pensamiento cr\u00edtico e innovador; y la concientizaci\u00f3n sobre el derecho constitucional a un ambiente sano. Dicho proyecto tuvo origen a partir de un trabajo mancomunado entre los ministerios de Ambiente y Desarrollo Sostenible y de Educaci\u00f3n, en consenso con las provincias a trav\u00e9s del Consejo Federal de Medio Ambiente.<\/p>\n","protected":false},"excerpt":{"rendered":"<p>La iniciativa fue propuesta por el presidente de la Comisi\u00f3n de Recursos Naturales, Leonardo Grosso &nbsp; Este lunes, las comisiones de Recursos Naturales (RR.NN.) y de Educaci\u00f3n de la C\u00e1mara de Diputados de la Naci\u00f3n dieron dictamen por unanimidad al proyecto de ley de presupuestos m\u00ednimos para la educaci\u00f3n ambiental, enviado por el Poder Ejecutivo. En este marco, el presidente de la Comisi\u00f3n de RR.NN., Leonardo Grosso, propuso bautizar la norma con el nombre de Fernando \u2018Pino\u2019 Solanas, en homenaje al dirigente y cineasta por su empe\u00f1o en el cuidado&#8230;<\/p>\n","protected":false},"author":3,"featured_media":69298,"comment_status":"closed","ping_status":"closed","sticky":false,"template":"","format":"standard","meta":[],"categories":[18],"tags":[],"_links":{"self":[{"href":"https:\/\/www.actualidadadiario.com\/index.php\/wp-json\/wp\/v2\/posts\/69297"}],"collection":[{"href":"https:\/\/www.actualidadadiario.com\/index.php\/wp-json\/wp\/v2\/posts"}],"about":[{"href":"https:\/\/www.actualidadadiario.com\/index.php\/wp-json\/wp\/v2\/types\/post"}],"author":[{"embeddable":true,"href":"https:\/\/www.actualidadadiario.com\/index.php\/wp-json\/wp\/v2\/users\/3"}],"replies":[{"embeddable":true,"href":"https:\/\/www.actualidadadiario.com\/index.php\/wp-json\/wp\/v2\/comments?post=69297"}],"version-history":[{"count":1,"href":"https:\/\/www.actualidadadiario.com\/index.php\/wp-json\/wp\/v2\/posts\/69297\/revisions"}],"predecessor-version":[{"id":69299,"href":"https:\/\/www.actualidadadiario.com\/index.php\/wp-json\/wp\/v2\/posts\/69297\/revisions\/69299"}],"wp:featuredmedia":[{"embeddable":true,"href":"https:\/\/www.actualidadadiario.com\/index.php\/wp-json\/wp\/v2\/media\/69298"}],"wp:attachment":[{"href":"https:\/\/www.actualidadadiario.com\/index.php\/wp-json\/wp\/v2\/media?parent=69297"}],"wp:term":[{"taxonomy":"category","embeddable":true,"href":"https:\/\/www.actualidadadiario.com\/index.php\/wp-json\/wp\/v2\/categories?post=69297"},{"taxonomy":"post_tag","embeddable":true,"href":"https:\/\/www.actualidadadiario.com\/index.php\/wp-json\/wp\/v2\/tags?post=69297"}],"curies":[{"name":"wp","href":"https:\/\/api.w.org\/{rel}","templated":true}]}}