{"id":69295,"date":"2020-11-17T12:49:25","date_gmt":"2020-11-17T15:49:25","guid":{"rendered":"https:\/\/www.actualidadadiario.com\/?p=69295"},"modified":"2020-12-02T20:49:40","modified_gmt":"2020-12-02T23:49:40","slug":"afirman-que-el-ife-se-transformara-en-tres-programas-para-apoyar-a-los-que-peor-la-pasan","status":"publish","type":"post","link":"https:\/\/www.actualidadadiario.com\/index.php\/2020\/11\/17\/afirman-que-el-ife-se-transformara-en-tres-programas-para-apoyar-a-los-que-peor-la-pasan\/","title":{"rendered":"Afirman que el IFE se transformar\u00e1 en tres programas para apoyar a los que peor la pasan"},"content":{"rendered":"<p style=\"text-align: center;\"><em><strong>El ministro de Desarrollo Social, Daniel Arroyo, ofreci\u00f3 explicaciones relacionadas con el beneficio denominado oficialmente Ingreso Familiar de Emergencia<\/strong><\/em><\/p>\n<p>&nbsp;<\/p>\n<p>El ministro de Desarrollo Social, Daniel Arroyo, asegur\u00f3 este lunes que el Ingreso Familiar de Emergencia (IFE) &#8220;se transformar\u00e1 en tres programas&#8221; para seguir apoyando a los que &#8220;peor la est\u00e1n pasando&#8221; y subray\u00f3 que el plan de su ministerio es potenciar la creaci\u00f3n de trabajo.<\/p>\n<p>&#8220;Estamos en plena reconstrucci\u00f3n. Este a\u00f1o el presupuesto del ministerio fue 80% alimentos 20% trabajo. El a\u00f1o que viene ser\u00e1 50% y 50%&#8221;, indic\u00f3 Arroyo en declaraciones a &#8220;Una ma\u00f1ana de \u00e9stas&#8221;, el programa &#8220;Una Ma\u00f1ana de \u00c9stas&#8221;, que conduce Pablo Caruso por radio La990.<\/p>\n<p>El especialista en el \u00e1rea social indic\u00f3 que, si bien no habr\u00e1 una nueva edici\u00f3n del IFE, &#8220;el Estado no se retira&#8221;.<\/p>\n<p>&#8220;El IFE se transformar\u00e1 en tres programas para seguir apoyando a los que peor la est\u00e1n pasando&#8221;, asegur\u00f3.<\/p>\n<p>En ese sentido, remarc\u00f3 que se duplicar\u00e1n los montos de la Tarjeta AlimentAR en diciembre porque &#8220;en los 4 a\u00f1os del gobierno anterior bajaba mes a mes el consumo de leche&#8221;.<\/p>\n<p>&#8220;La pandemia nos obliga a hacer cambios estructurales profundos. Hay mucho para reconstruir en la Argentina&#8221;, concluy\u00f3.<\/p>\n","protected":false},"excerpt":{"rendered":"<p>El ministro de Desarrollo Social, Daniel Arroyo, ofreci\u00f3 explicaciones relacionadas con el beneficio denominado oficialmente Ingreso Familiar de Emergencia &nbsp; El ministro de Desarrollo Social, Daniel Arroyo, asegur\u00f3 este lunes que el Ingreso Familiar de Emergencia (IFE) &#8220;se transformar\u00e1 en tres programas&#8221; para seguir apoyando a los que &#8220;peor la est\u00e1n pasando&#8221; y subray\u00f3 que el plan de su ministerio es potenciar la creaci\u00f3n de trabajo. &#8220;Estamos en plena reconstrucci\u00f3n. Este a\u00f1o el presupuesto del ministerio fue 80% alimentos 20% trabajo. El a\u00f1o que viene ser\u00e1 50% y 50%&#8221;, indic\u00f3&#8230;<\/p>\n","protected":false},"author":3,"featured_media":60638,"comment_status":"closed","ping_status":"closed","sticky":false,"template":"","format":"standard","meta":[],"categories":[18],"tags":[],"_links":{"self":[{"href":"https:\/\/www.actualidadadiario.com\/index.php\/wp-json\/wp\/v2\/posts\/69295"}],"collection":[{"href":"https:\/\/www.actualidadadiario.com\/index.php\/wp-json\/wp\/v2\/posts"}],"about":[{"href":"https:\/\/www.actualidadadiario.com\/index.php\/wp-json\/wp\/v2\/types\/post"}],"author":[{"embeddable":true,"href":"https:\/\/www.actualidadadiario.com\/index.php\/wp-json\/wp\/v2\/users\/3"}],"replies":[{"embeddable":true,"href":"https:\/\/www.actualidadadiario.com\/index.php\/wp-json\/wp\/v2\/comments?post=69295"}],"version-history":[{"count":1,"href":"https:\/\/www.actualidadadiario.com\/index.php\/wp-json\/wp\/v2\/posts\/69295\/revisions"}],"predecessor-version":[{"id":69296,"href":"https:\/\/www.actualidadadiario.com\/index.php\/wp-json\/wp\/v2\/posts\/69295\/revisions\/69296"}],"wp:featuredmedia":[{"embeddable":true,"href":"https:\/\/www.actualidadadiario.com\/index.php\/wp-json\/wp\/v2\/media\/60638"}],"wp:attachment":[{"href":"https:\/\/www.actualidadadiario.com\/index.php\/wp-json\/wp\/v2\/media?parent=69295"}],"wp:term":[{"taxonomy":"category","embeddable":true,"href":"https:\/\/www.actualidadadiario.com\/index.php\/wp-json\/wp\/v2\/categories?post=69295"},{"taxonomy":"post_tag","embeddable":true,"href":"https:\/\/www.actualidadadiario.com\/index.php\/wp-json\/wp\/v2\/tags?post=69295"}],"curies":[{"name":"wp","href":"https:\/\/api.w.org\/{rel}","templated":true}]}}