{"id":69293,"date":"2020-11-17T12:48:23","date_gmt":"2020-11-17T15:48:23","guid":{"rendered":"https:\/\/www.actualidadadiario.com\/?p=69293"},"modified":"2020-12-02T20:49:40","modified_gmt":"2020-12-02T23:49:40","slug":"alberto-fernandez-enviara-hoy-el-proyecto-oficial-de-aborto-legal-al-congreso","status":"publish","type":"post","link":"https:\/\/www.actualidadadiario.com\/index.php\/2020\/11\/17\/alberto-fernandez-enviara-hoy-el-proyecto-oficial-de-aborto-legal-al-congreso\/","title":{"rendered":"Alberto Fern\u00e1ndez enviar\u00e1 hoy el proyecto oficial de aborto legal al Congreso"},"content":{"rendered":"<p style=\"text-align: center;\"><em><strong>Estar\u00e1 acompa\u00f1ado por el &#8216;Plan de los Mil D\u00edas&#8217; y ser\u00e1 durante la misma jornada en que se debatir\u00e1 el llamado &#8220;impuesto a la riqueza&#8221; en la C\u00e1mara de Diputados. Ayer se realizaron acciones en todo el pa\u00eds para pedir por la legalizaci\u00f3n &#8220;urgente&#8221;<\/strong><\/em><\/p>\n<p>&nbsp;<\/p>\n<p>&nbsp;<\/p>\n<p>Finalmente, el proyecto de legalizaci\u00f3n del aborto se enviar\u00e1 al Congreso este martes, seg\u00fan confirmaron fuentes oficiales. En principio, se estima que ingrese hoy mismo, pero puede demorar por el debate que se desarrolla en la C\u00e1mara baja por el aporte extraordinario a las Grandes Fortunas.<\/p>\n<p>Este martes 17 de noviembre es una fecha cargada en Diputados: se espera un debate extenso e intenso del proyecto que busca gravar fortunas superiores a 200 millones de pesos por \u00fanica vez. Adem\u00e1s, es el D\u00eda de la Militancia Peronista, por lo que habr\u00e1 caravanas al Congreso y al Obelisco para apoyar la iniciativa del llamado &#8220;impuesto a la riqueza&#8221;. En este marco, el presidente Alberto Fern\u00e1ndez presentar\u00e1 hoy su propio proyecto para la Interrupci\u00f3n Voluntaria del Embarazo (IVE).<\/p>\n<p>Vilma Ibarra, secretaria Legal y T\u00e9cnica de la Presidencia, ya hab\u00eda anticipado hace una semana que el proyecto del Gobierno para la legalizaci\u00f3n del aborto ser\u00e1 tratado en diciembre, por lo que cab\u00eda esperar que ingrese al Congreso en estos d\u00edas. &#8220;Hay una decisi\u00f3n de enviarlo este a\u00f1o. Entrar\u00eda este mes al Congreso, y la idea es, si el Presidente convoca a sesiones extraordinarias, tratarlo en diciembre&#8221;, asegur\u00f3 la funcionaria en declaraciones a la FM Radio Metro, en las que expres\u00f3 su &#8220;confianza en que sea ley&#8221;.<\/p>\n<p>Estela D\u00edaz fue quien devel\u00f3 la inc\u00f3gnita al hacer una significativa publicaci\u00f3n en su cuenta de Twitter: &#8220;17N d\u00eda de la militancia. Vuelven los martes verdes, por partida doble: Se debate el aporte extraordinario a los millonarios llenos de billetes verdes. Volvemos por el aborto legal, seguro y gratuito, que el presidente @alferdez enviar\u00e1 al Congreso #QueSeanLey&#8221;, expres\u00f3.<\/p>\n<p>Los martes verdes se refieren a una pr\u00e1ctica que se llev\u00f3 adelante en 2018, cuando el proyecto anterior estaba en proceso de debate por comisi\u00f3n. Cada martes, militantes por el derecho al aborto legal se reun\u00edan frente al Congreso para dar apoyo a la iniciativa, manifestar la necesidad de aprobarlo y realizar diferentes expresiones pol\u00edticas y art\u00edsticas. Finalmente, la iniciativa obtuvo media sanci\u00f3n en Diputados con 129 votos a favor, 125 en contra y una abstenci\u00f3n, pero fue rechazada en el Senado con 38 votos por la negativa sobre 31 a favor.<\/p>\n<p>La legalizaci\u00f3n del aborto es una de las promesas de campa\u00f1a de Alberto Fern\u00e1ndez, quien se hab\u00eda comprometido a enviar su proyecto al Congreso este a\u00f1o, lo cual las organizaciones &#8220;verdes&#8221; se encargaron de recordarle varias veces en los \u00faltimos meses con marchas, caravanas y solicitadas en todo el pa\u00eds. De hecho, durante todo el lunes la Campa\u00f1a Nacional por el Derecho al Aborto Legal, Seguro y Gratuito hizo proyecciones sobre el Congreso para reclamar la ley, y por la noche Amnist\u00eda Internacional lo ilumin\u00f3 de verde.<\/p>\n<p>El proyecto de IVE del Gobierno, que respetar\u00e1 los &#8220;consensos b\u00e1sicos&#8221; que hab\u00edan logrado las organizaciones que luchan por el aborto legal, ser\u00e1 presentado junto a otro que ejerce de complemento: el &#8216;Plan de los Mil D\u00edas&#8217;. Se trata de un programa de acompa\u00f1amiento de la maternidad y de los tres primeros a\u00f1os de vida de ni\u00f1os y ni\u00f1as en situaci\u00f3n de vulnerabilidad.<\/p>\n<p>&#8220;Nuestro prop\u00f3sito es tambi\u00e9n llegar a las mujeres de nuestro pa\u00eds en situaci\u00f3n de vulnerabilidad social en la etapa que m\u00e1s necesitan de la presencia del Estado, durante el embarazo, nacimiento, puerperio y primeros a\u00f1os de crianza. Por eso junto a la ley que buscar\u00e1 legalizar el aborto, enviaremos un proyecto de ley que instaure un &#8216;Plan de los Mil D\u00edas&#8217;, para garantizar la atenci\u00f3n y el cuidado integral de la vida y de la salud de la mujer embarazada y de sus hijos o hijas en los primeros a\u00f1os de vida\u201d, hab\u00eda anunciado el Presidente en marzo.<\/p>\n<p>El &#8220;Plan de Mil D\u00edas&#8221; tiene su antecedente en la provincia de San Juan y est\u00e1 dirigido a todas las embarazadas, sin cobertura social y en cualquier etapa de su gestaci\u00f3n, y a madres con beb\u00e9s entre 0 y 24 meses. Cuenta con cuatro instancias: durante el embarazo, que comprende desde su detecci\u00f3n hasta el parto; desde el nacimiento hasta los 6 meses de vida con foco en la lactancia materna; a los 6 meses con la incorporaci\u00f3n de las primeras papillas hasta el primer a\u00f1o de edad del ni\u00f1o y hasta los 2 a\u00f1os de edad, predominando la alimentaci\u00f3n complementaria.<\/p>\n<p>\u201cEn la Argentina las mujeres se siguen muriendo por abortos mal practicados y muchas m\u00e1s siguen lesionadas de por vida. No he cambiado un \u00e1pice. Simplemente postergue el env\u00edo de la ley porque la pandemia deb\u00eda tener toda nuestra atenci\u00f3n. Pero la ley la vamos a mandar, por supuesto que s\u00ed\u201d, sostuvo Fern\u00e1ndez el martes 13 de octubre en una entrevista con C5N.<\/p>\n<p>&nbsp;<\/p>\n<p><strong>C\u00f3mo ser\u00eda la votaci\u00f3n del aborto legal<\/strong><\/p>\n<p>Seg\u00fan un relevamiento de Econom\u00eda Femini(s)ta y Red\/acci\u00f3n, con los nuevos legisladores el porcentaje de diputados que est\u00e1n a favor de legalizar o despenalizar el aborto disminuye de 50% a 45%, pero siguen representando un porcentaje mayor que los que votar\u00edan en contra (116 diputados a favor, 108 en contra, 33 indefinidos o sin datos).<\/p>\n<p>En tanto que el porcentaje de senadores que est\u00e1n a favor de legalizar o despenalizar el aborto aumenta de 43% a 44,4%, pero sigue siendo menor al porcentaje que votar\u00eda a favor (32 senadores a favor, 36 en contra y 4 indefinidos\/sin datos).<\/p>\n<p>Es decir que, si se cumplen tales proyecciones, el proyecto de legalizaci\u00f3n del aborto puede ser una vez m\u00e1s aprobado en Diputados pero rechazado en el Senado, aunque la postura de los indecisos puede aportar o quitar votos y modificar la balanza.<\/p>\n","protected":false},"excerpt":{"rendered":"<p>Estar\u00e1 acompa\u00f1ado por el &#8216;Plan de los Mil D\u00edas&#8217; y ser\u00e1 durante la misma jornada en que se debatir\u00e1 el llamado &#8220;impuesto a la riqueza&#8221; en la C\u00e1mara de Diputados. Ayer se realizaron acciones en todo el pa\u00eds para pedir por la legalizaci\u00f3n &#8220;urgente&#8221; &nbsp; &nbsp; Finalmente, el proyecto de legalizaci\u00f3n del aborto se enviar\u00e1 al Congreso este martes, seg\u00fan confirmaron fuentes oficiales. En principio, se estima que ingrese hoy mismo, pero puede demorar por el debate que se desarrolla en la C\u00e1mara baja por el aporte extraordinario a las&#8230;<\/p>\n","protected":false},"author":3,"featured_media":57547,"comment_status":"closed","ping_status":"closed","sticky":false,"template":"","format":"standard","meta":[],"categories":[9],"tags":[],"_links":{"self":[{"href":"https:\/\/www.actualidadadiario.com\/index.php\/wp-json\/wp\/v2\/posts\/69293"}],"collection":[{"href":"https:\/\/www.actualidadadiario.com\/index.php\/wp-json\/wp\/v2\/posts"}],"about":[{"href":"https:\/\/www.actualidadadiario.com\/index.php\/wp-json\/wp\/v2\/types\/post"}],"author":[{"embeddable":true,"href":"https:\/\/www.actualidadadiario.com\/index.php\/wp-json\/wp\/v2\/users\/3"}],"replies":[{"embeddable":true,"href":"https:\/\/www.actualidadadiario.com\/index.php\/wp-json\/wp\/v2\/comments?post=69293"}],"version-history":[{"count":1,"href":"https:\/\/www.actualidadadiario.com\/index.php\/wp-json\/wp\/v2\/posts\/69293\/revisions"}],"predecessor-version":[{"id":69294,"href":"https:\/\/www.actualidadadiario.com\/index.php\/wp-json\/wp\/v2\/posts\/69293\/revisions\/69294"}],"wp:featuredmedia":[{"embeddable":true,"href":"https:\/\/www.actualidadadiario.com\/index.php\/wp-json\/wp\/v2\/media\/57547"}],"wp:attachment":[{"href":"https:\/\/www.actualidadadiario.com\/index.php\/wp-json\/wp\/v2\/media?parent=69293"}],"wp:term":[{"taxonomy":"category","embeddable":true,"href":"https:\/\/www.actualidadadiario.com\/index.php\/wp-json\/wp\/v2\/categories?post=69293"},{"taxonomy":"post_tag","embeddable":true,"href":"https:\/\/www.actualidadadiario.com\/index.php\/wp-json\/wp\/v2\/tags?post=69293"}],"curies":[{"name":"wp","href":"https:\/\/api.w.org\/{rel}","templated":true}]}}