{"id":68518,"date":"2020-10-20T12:03:07","date_gmt":"2020-10-20T15:03:07","guid":{"rendered":"https:\/\/www.actualidadadiario.com\/?p=68518"},"modified":"2020-10-20T12:03:07","modified_gmt":"2020-10-20T15:03:07","slug":"el-nodo-epidemiologico-advirtio-que-la-situacion-sanitaria-en-federacion-es-critica","status":"publish","type":"post","link":"https:\/\/www.actualidadadiario.com\/index.php\/2020\/10\/20\/el-nodo-epidemiologico-advirtio-que-la-situacion-sanitaria-en-federacion-es-critica\/","title":{"rendered":"El Nodo Epidemiol\u00f3gico advirti\u00f3 que la situaci\u00f3n sanitaria en Federaci\u00f3n es cr\u00edtica"},"content":{"rendered":"<p style=\"text-align: center;\"><em><strong>As\u00ed lo confirm\u00f3 el coordinador, Mario Corn\u00fa, quien precis\u00f3 que tanto el hospital como el hotel que \u201cten\u00edamos preparado para alojar a los aislados tienen una important\u00edsima ocupaci\u00f3n\u201d<\/strong><\/em><\/p>\n<p>&nbsp;<\/p>\n<p>La situaci\u00f3n sanitaria en Federaci\u00f3n se complejiza y en la jornada de este lunes, el coordinador del Nodo Epidemiol\u00f3gico, el bioqu\u00edmico Mario Corn\u00fa brind\u00f3 un detalle donde remarc\u00f3 que la situaci\u00f3n \u201ces cr\u00edtica\u201d.<\/p>\n<p>\u201cTenemos un caso nuevo y ya son 13 los casos activos en la ciudad hasta el momento, esto hace que tengamos una importante ocupaci\u00f3n en el hospital como as\u00ed tambi\u00e9n el hotel que hab\u00edamos preparado para aislamiento y hay otros que se encuentran en su domicilio\u201d, detall\u00f3.<\/p>\n<p>En referencia concreta al hospital San Jos\u00e9 indic\u00f3 que en la actualidad aloja a tres pacientes confirmados con Covid-19 positivo, m\u00e1s personas en aislamiento y pacientes con otras patolog\u00edas, \u201clo que hace gran n\u00famero de camas ocupadas\u201d, puntualiz\u00f3.<\/p>\n<p>&nbsp;<\/p>\n<p><strong>Casos sospechosos<\/strong><\/p>\n<p>\u201cTambi\u00e9n tenemos un alto nivel de casos sospechosos, sin ir m\u00e1s lejos tenemos programado 20 hisopados para esta noche como m\u00ednimo y todo esto hace que la situaci\u00f3n sea a\u00fan m\u00e1s cr\u00edtica\u201d, enfatiz\u00f3 Corn\u00fa.<\/p>\n<p>Al tiempo que se\u00f1al\u00f3 que de los hisopados a realizar \u201cson la mayor\u00eda contactos estrechos con s\u00edntomas, pero tenemos tambi\u00e9n casos que no son contacto estrecho pero presentan s\u00edntomas y es probable que varios de estos den positivo\u201d.<\/p>\n<p>&nbsp;<\/p>\n<p><strong>Medidas<\/strong><\/p>\n<p>El coordinador del Nodo Epidemiol\u00f3gico llam\u00f3 a extremar las medidas de prevenci\u00f3n y adelant\u00f3 que el Ejecutivo municipal tomar\u00e1 determinaciones en las pr\u00f3ximas horas para frenar la ola de contagios.<\/p>\n<p>En tanto que subray\u00f3 que \u201clas medidas de prevenci\u00f3n la gene ya la sabe pero no la respeta ayer en el centro se pod\u00eda ver ronda de mates, ronda de vasos y tenemos que entender que la situaci\u00f3n est\u00e1 muy complicada\u201d.<\/p>\n<p>Este martes se registraron 10 nuevos casos de Covid-19 en la ciudad.<\/p>\n<p>De esta manera, a la fecha, la localidad cabecera del departamento tiene 22 casos activos de Covid-19.<\/p>\n","protected":false},"excerpt":{"rendered":"<p>As\u00ed lo confirm\u00f3 el coordinador, Mario Corn\u00fa, quien precis\u00f3 que tanto el hospital como el hotel que \u201cten\u00edamos preparado para alojar a los aislados tienen una important\u00edsima ocupaci\u00f3n\u201d &nbsp; La situaci\u00f3n sanitaria en Federaci\u00f3n se complejiza y en la jornada de este lunes, el coordinador del Nodo Epidemiol\u00f3gico, el bioqu\u00edmico Mario Corn\u00fa brind\u00f3 un detalle donde remarc\u00f3 que la situaci\u00f3n \u201ces cr\u00edtica\u201d. \u201cTenemos un caso nuevo y ya son 13 los casos activos en la ciudad hasta el momento, esto hace que tengamos una importante ocupaci\u00f3n en el hospital como&#8230;<\/p>\n","protected":false},"author":3,"featured_media":68091,"comment_status":"closed","ping_status":"closed","sticky":false,"template":"","format":"standard","meta":[],"categories":[9],"tags":[],"_links":{"self":[{"href":"https:\/\/www.actualidadadiario.com\/index.php\/wp-json\/wp\/v2\/posts\/68518"}],"collection":[{"href":"https:\/\/www.actualidadadiario.com\/index.php\/wp-json\/wp\/v2\/posts"}],"about":[{"href":"https:\/\/www.actualidadadiario.com\/index.php\/wp-json\/wp\/v2\/types\/post"}],"author":[{"embeddable":true,"href":"https:\/\/www.actualidadadiario.com\/index.php\/wp-json\/wp\/v2\/users\/3"}],"replies":[{"embeddable":true,"href":"https:\/\/www.actualidadadiario.com\/index.php\/wp-json\/wp\/v2\/comments?post=68518"}],"version-history":[{"count":1,"href":"https:\/\/www.actualidadadiario.com\/index.php\/wp-json\/wp\/v2\/posts\/68518\/revisions"}],"predecessor-version":[{"id":68519,"href":"https:\/\/www.actualidadadiario.com\/index.php\/wp-json\/wp\/v2\/posts\/68518\/revisions\/68519"}],"wp:featuredmedia":[{"embeddable":true,"href":"https:\/\/www.actualidadadiario.com\/index.php\/wp-json\/wp\/v2\/media\/68091"}],"wp:attachment":[{"href":"https:\/\/www.actualidadadiario.com\/index.php\/wp-json\/wp\/v2\/media?parent=68518"}],"wp:term":[{"taxonomy":"category","embeddable":true,"href":"https:\/\/www.actualidadadiario.com\/index.php\/wp-json\/wp\/v2\/categories?post=68518"},{"taxonomy":"post_tag","embeddable":true,"href":"https:\/\/www.actualidadadiario.com\/index.php\/wp-json\/wp\/v2\/tags?post=68518"}],"curies":[{"name":"wp","href":"https:\/\/api.w.org\/{rel}","templated":true}]}}