{"id":68514,"date":"2020-10-19T12:41:20","date_gmt":"2020-10-19T15:41:20","guid":{"rendered":"https:\/\/www.actualidadadiario.com\/?p=68514"},"modified":"2020-10-19T12:41:20","modified_gmt":"2020-10-19T15:41:20","slug":"nuevos-conflictos-en-chile-la-policia-detuvo-casi-600-manifestantes-durante-las-protestas-de-ayer","status":"publish","type":"post","link":"https:\/\/www.actualidadadiario.com\/index.php\/2020\/10\/19\/nuevos-conflictos-en-chile-la-policia-detuvo-casi-600-manifestantes-durante-las-protestas-de-ayer\/","title":{"rendered":"Nuevos conflictos en Chile: la polic\u00eda detuvo casi 600 manifestantes durante las protestas de ayer"},"content":{"rendered":"<p style=\"text-align: center;\"><em><strong>Durante la noche hubo saqueos e intentos de saqueos; barricadas y ataques a cuarteles policiales, con un total de 107 incidentes graves a nivel nacional<\/strong><\/em><\/p>\n<p>&nbsp;<\/p>\n<p>&nbsp;<\/p>\n<p>La polic\u00eda detuvo el domingo a 580 personas durante la jornada de movilizaciones en Chile que conmemoraron el primer a\u00f1o del inicio de las protestas sociales. El subsecretario del Interior, Juan Francisco Galli, explic\u00f3 que hubo \u00abuna distinci\u00f3n muy clara sobre c\u00f3mo evolucion\u00f3 el d\u00eda\u00bb, que tuvo por un lado una manifestaci\u00f3n pac\u00edfica y por la otra graves hechos de violencia.<\/p>\n<p>De acuerdo al gobierno, durante la tarde en la Plaza Italia de Santiago, epicentro de las manifestaciones sociales que estallaron hace un a\u00f1o, se llegaron a reunir 30.000 personas, la manifestaci\u00f3n m\u00e1s masiva de este a\u00f1o. Pero, como se\u00f1al\u00f3 AFP, al avanzar la tarde, barras bravas comenzaron los hechos de violencia en los alrededores de la plaza, a unos 350 metros de la manifestaci\u00f3n principal, donde encapuchados atacaron dos iglesias, que quedaron destruidas por el fuego.<\/p>\n<p>Las im\u00e1genes en llamas de ambos templos record\u00f3 los incidentes que se produjeron un a\u00f1o antes, el 18 de octubre de 2019, cuando tras una llamado a manifestarse por parte de estudiantes una decena de estaciones del metro resultaron incendiadas, al igual que varios edificios. Tambi\u00e9n hubo ataques a comercios y saqueos.\u00a0 \u00abEn esos hechos no hay manifestaci\u00f3n alguna; no hay demanda alguna que sea aceptable\u00bb, dijo este lunes Galli.<\/p>\n<p>Durante la jornada tambi\u00e9n hubo incidentes en otros barrios de Santiago y en otras ciudades del pa\u00eds, los que se saldaron con un total de 580 detenidos, 287 de ellos en la regi\u00f3n Metropolitana. Durante la noche hubo saqueos e intentos de saqueos; barricadas y ataques a cuarteles policiales, con un total de 107 incidentes graves a nivel nacional, de acuerdo a Galli.<\/p>\n<p>La manifestaci\u00f3n tuvo lugar una semana antes del hist\u00f3rico plebiscito que consultar\u00e1 a los chilenos si cambian o no la Constituci\u00f3n heredada de la dictadura de Augusto Pinochet (1973-1990). En este sentido, las protestas apoyaron tambi\u00e9n la opci\u00f3n \u00abApruebo\u00bb, que brega por una reforma constitucional.<\/p>\n","protected":false},"excerpt":{"rendered":"<p>Durante la noche hubo saqueos e intentos de saqueos; barricadas y ataques a cuarteles policiales, con un total de 107 incidentes graves a nivel nacional &nbsp; &nbsp; La polic\u00eda detuvo el domingo a 580 personas durante la jornada de movilizaciones en Chile que conmemoraron el primer a\u00f1o del inicio de las protestas sociales. El subsecretario del Interior, Juan Francisco Galli, explic\u00f3 que hubo \u00abuna distinci\u00f3n muy clara sobre c\u00f3mo evolucion\u00f3 el d\u00eda\u00bb, que tuvo por un lado una manifestaci\u00f3n pac\u00edfica y por la otra graves hechos de violencia. De acuerdo&#8230;<\/p>\n","protected":false},"author":3,"featured_media":68515,"comment_status":"closed","ping_status":"closed","sticky":false,"template":"","format":"standard","meta":[],"categories":[4],"tags":[],"_links":{"self":[{"href":"https:\/\/www.actualidadadiario.com\/index.php\/wp-json\/wp\/v2\/posts\/68514"}],"collection":[{"href":"https:\/\/www.actualidadadiario.com\/index.php\/wp-json\/wp\/v2\/posts"}],"about":[{"href":"https:\/\/www.actualidadadiario.com\/index.php\/wp-json\/wp\/v2\/types\/post"}],"author":[{"embeddable":true,"href":"https:\/\/www.actualidadadiario.com\/index.php\/wp-json\/wp\/v2\/users\/3"}],"replies":[{"embeddable":true,"href":"https:\/\/www.actualidadadiario.com\/index.php\/wp-json\/wp\/v2\/comments?post=68514"}],"version-history":[{"count":2,"href":"https:\/\/www.actualidadadiario.com\/index.php\/wp-json\/wp\/v2\/posts\/68514\/revisions"}],"predecessor-version":[{"id":68517,"href":"https:\/\/www.actualidadadiario.com\/index.php\/wp-json\/wp\/v2\/posts\/68514\/revisions\/68517"}],"wp:featuredmedia":[{"embeddable":true,"href":"https:\/\/www.actualidadadiario.com\/index.php\/wp-json\/wp\/v2\/media\/68515"}],"wp:attachment":[{"href":"https:\/\/www.actualidadadiario.com\/index.php\/wp-json\/wp\/v2\/media?parent=68514"}],"wp:term":[{"taxonomy":"category","embeddable":true,"href":"https:\/\/www.actualidadadiario.com\/index.php\/wp-json\/wp\/v2\/categories?post=68514"},{"taxonomy":"post_tag","embeddable":true,"href":"https:\/\/www.actualidadadiario.com\/index.php\/wp-json\/wp\/v2\/tags?post=68514"}],"curies":[{"name":"wp","href":"https:\/\/api.w.org\/{rel}","templated":true}]}}