{"id":68508,"date":"2020-10-19T12:39:38","date_gmt":"2020-10-19T15:39:38","guid":{"rendered":"https:\/\/www.actualidadadiario.com\/?p=68508"},"modified":"2020-10-19T12:39:38","modified_gmt":"2020-10-19T15:39:38","slug":"anez-reconoce-la-victoria-del-mas-y-felicita-a-arce-y-choquehuanca","status":"publish","type":"post","link":"https:\/\/www.actualidadadiario.com\/index.php\/2020\/10\/19\/anez-reconoce-la-victoria-del-mas-y-felicita-a-arce-y-choquehuanca\/","title":{"rendered":"\u00c1\u00f1ez reconoce la victoria del MAS y felicita a Arce y Choquehuanca"},"content":{"rendered":"<p style=\"text-align: center;\"><em><strong>La presidenta de facto de Bolivia, Jeanine \u00c1\u00f1ez, felicit\u00f3 al presidente y vicepresidente electos Luis Arce y David Choquehuanca, por haber ganado las elecciones nacionales, seg\u00fan un c\u00f3mputo extraoficial, y les pidi\u00f3 gobernar pensando en Bolivia<\/strong><\/em><\/p>\n<p>&nbsp;<\/p>\n<p>&nbsp;<\/p>\n<p>La presidenta de facto de Bolivia, Jeanine \u00c1\u00f1ez, felicit\u00f3 al presidente y vicepresidente electos Luis Arce y David Choquehuanca, por haber ganado las elecciones nacionales, seg\u00fan un c\u00f3mputo extraoficial, y les pidi\u00f3 gobernar pensando en Bolivia.<\/p>\n<p>&#8220;A\u00fan no tenemos c\u00f3mputo oficial, pero por los datos con los que contamos, el se\u00f1or (Luis) Arce y el se\u00f1or (David) Choquehuanca han ganado la elecci\u00f3n. Felicito a los ganadores y les pido gobernar pensando en Bolivia y en la democracia&#8221;, escribi\u00f3 la mandataria en su cuenta de Twitter.<\/p>\n<p>De esta forma, aunque ad referendum de lo que resulte del escrutinio oficial, reconoci\u00f3 esta madrugada la victoria del Movimiento Al Socialismo (MAS), luego de haber bajado su propia postulaci\u00f3n presidencial con un llamado a todo el arco opositor al masismo para que esa fuerza no ganara la elecci\u00f3n.<\/p>\n<p>La mandataria que asumi\u00f3 la presidencia en un procedimiento irregular de la Asamblea Legislativa, luego de que una asonada forzara la renuncia del entonces presidente Evo Morales, nunca ocult\u00f3 su rechazo hacia el MAS.<\/p>\n","protected":false},"excerpt":{"rendered":"<p>La presidenta de facto de Bolivia, Jeanine \u00c1\u00f1ez, felicit\u00f3 al presidente y vicepresidente electos Luis Arce y David Choquehuanca, por haber ganado las elecciones nacionales, seg\u00fan un c\u00f3mputo extraoficial, y les pidi\u00f3 gobernar pensando en Bolivia &nbsp; &nbsp; La presidenta de facto de Bolivia, Jeanine \u00c1\u00f1ez, felicit\u00f3 al presidente y vicepresidente electos Luis Arce y David Choquehuanca, por haber ganado las elecciones nacionales, seg\u00fan un c\u00f3mputo extraoficial, y les pidi\u00f3 gobernar pensando en Bolivia. &#8220;A\u00fan no tenemos c\u00f3mputo oficial, pero por los datos con los que contamos, el se\u00f1or (Luis)&#8230;<\/p>\n","protected":false},"author":3,"featured_media":68509,"comment_status":"closed","ping_status":"closed","sticky":false,"template":"","format":"standard","meta":[],"categories":[4],"tags":[],"_links":{"self":[{"href":"https:\/\/www.actualidadadiario.com\/index.php\/wp-json\/wp\/v2\/posts\/68508"}],"collection":[{"href":"https:\/\/www.actualidadadiario.com\/index.php\/wp-json\/wp\/v2\/posts"}],"about":[{"href":"https:\/\/www.actualidadadiario.com\/index.php\/wp-json\/wp\/v2\/types\/post"}],"author":[{"embeddable":true,"href":"https:\/\/www.actualidadadiario.com\/index.php\/wp-json\/wp\/v2\/users\/3"}],"replies":[{"embeddable":true,"href":"https:\/\/www.actualidadadiario.com\/index.php\/wp-json\/wp\/v2\/comments?post=68508"}],"version-history":[{"count":1,"href":"https:\/\/www.actualidadadiario.com\/index.php\/wp-json\/wp\/v2\/posts\/68508\/revisions"}],"predecessor-version":[{"id":68510,"href":"https:\/\/www.actualidadadiario.com\/index.php\/wp-json\/wp\/v2\/posts\/68508\/revisions\/68510"}],"wp:featuredmedia":[{"embeddable":true,"href":"https:\/\/www.actualidadadiario.com\/index.php\/wp-json\/wp\/v2\/media\/68509"}],"wp:attachment":[{"href":"https:\/\/www.actualidadadiario.com\/index.php\/wp-json\/wp\/v2\/media?parent=68508"}],"wp:term":[{"taxonomy":"category","embeddable":true,"href":"https:\/\/www.actualidadadiario.com\/index.php\/wp-json\/wp\/v2\/categories?post=68508"},{"taxonomy":"post_tag","embeddable":true,"href":"https:\/\/www.actualidadadiario.com\/index.php\/wp-json\/wp\/v2\/tags?post=68508"}],"curies":[{"name":"wp","href":"https:\/\/api.w.org\/{rel}","templated":true}]}}