{"id":68428,"date":"2020-10-16T12:28:25","date_gmt":"2020-10-16T15:28:25","guid":{"rendered":"https:\/\/www.actualidadadiario.com\/?p=68428"},"modified":"2020-10-16T12:28:25","modified_gmt":"2020-10-16T15:28:25","slug":"coronavirus-los-jovenes-tendran-que-esperar-hasta-2022-para-vacunarse","status":"publish","type":"post","link":"https:\/\/www.actualidadadiario.com\/index.php\/2020\/10\/16\/coronavirus-los-jovenes-tendran-que-esperar-hasta-2022-para-vacunarse\/","title":{"rendered":"Coronavirus: los j\u00f3venes tendr\u00e1n que esperar hasta 2022 para vacunarse"},"content":{"rendered":"<p style=\"text-align: center;\"><em><strong>Mientras contin\u00faan las especulaciones sobre la posible fecha de distribuci\u00f3n de las primeras vacunas, cientos de compa\u00f1\u00edas farmac\u00e9uticas contin\u00faan sus ensayos en todo el mundo<\/strong><\/em><\/p>\n<p>&nbsp;<\/p>\n<p>&nbsp;<\/p>\n<p>La directora cient\u00edfica de la Organizaci\u00f3n Mundial de la Salud (OMS), Soumya Swaminathan, advirti\u00f3 que los j\u00f3venes tendr\u00e1n que esperar hasta el 2022 para recibir una vacuna contra el coronavirus, dado que la producci\u00f3n inicial estar\u00e1 destinada a los grupos de riesgo: trabajadores esenciales, adultos mayores y personas con otras enfermedades o condiciones de comorbilidad.<\/p>\n<p>\u201cLa gente piensa que el 1 de enero habr\u00e1 una vacuna y que las cosas volver\u00e1n a la normalidad, pero las cosas no ser\u00e1n as\u00ed. Nadie jam\u00e1s ha producido vacunas en los vol\u00famenes que se necesitar\u00e1n, as\u00ed que en 2021 esperamos tener vacunas, pero en una cantidad limitada\u201d, aclar\u00f3 Swaminathan.<\/p>\n<p>Seg\u00fan la especialista las primeras partidas estar\u00e1n destinada a los trabajadores que luchan contra la pandemia en primera l\u00ednea, a los ancianos y a personas de riesgo.\u00a0 \u201cUna persona joven y saludable tendr\u00e1 que esperar hasta 2022 para ser vacunada\u201d, sostuvo la cient\u00edfica.<\/p>\n<p>&nbsp;<\/p>\n<p><strong>Vacunas contra el coronavirus<\/strong><\/p>\n<p>Mientras contin\u00faan las especulaciones sobre la posible fecha de distribuci\u00f3n de la vacuna, cientos de compa\u00f1\u00edas farmac\u00e9uticas contin\u00faan sus estudios en todo el mundo. Actualmente, hay una decena de f\u00e1rmacos que se encuentra en fase 3, es decir, que se est\u00e1n inoculando a aproximadamente 30.000 personas en regiones donde hay circulaci\u00f3n comunitaria del virus.<\/p>\n<p>Si se suman las vacunas que est\u00e1n en fase 1 y 2 de experimentaci\u00f3n, hay un total de 40 prototipos, mientras otras 200 que a\u00fan se encuentran en pruebas de laboratorio.<\/p>\n<p>\u201cHasta que no tengamos los resultados de la fase 3 no sabremos cu\u00e1les y cu\u00e1ntas de esas vacunas ser\u00e1n seguras, efectivas y proteger\u00e1n por un per\u00edodo largo\u201d, explic\u00f3 Swaminathan.<\/p>\n<p>Esos resultados, anticip\u00f3 la funcionaria de la OMS, podr\u00edan estar listos reci\u00e9n a principios del pr\u00f3ximo a\u00f1o, despu\u00e9s de lo cual se tendr\u00e1 que cumplir con las normativas para su aprobaci\u00f3n.<\/p>\n<p>La OMS ha solicitado a quienes tienen ensayos avanzados acceso a sus resultados para acelerar los protocolos y regulaciones que se podr\u00edan aplicar en todo el mundo. \u201cNada debe comprometer los resultados que se obtengan porque se trata de vacunas que ser\u00e1n utilizadas en miles de millones de personas, as\u00ed que necesitamos estar totalmente seguros de que es la decisi\u00f3n correcta\u201d, concluy\u00f3 Swaminathan.<\/p>\n","protected":false},"excerpt":{"rendered":"<p>Mientras contin\u00faan las especulaciones sobre la posible fecha de distribuci\u00f3n de las primeras vacunas, cientos de compa\u00f1\u00edas farmac\u00e9uticas contin\u00faan sus ensayos en todo el mundo &nbsp; &nbsp; La directora cient\u00edfica de la Organizaci\u00f3n Mundial de la Salud (OMS), Soumya Swaminathan, advirti\u00f3 que los j\u00f3venes tendr\u00e1n que esperar hasta el 2022 para recibir una vacuna contra el coronavirus, dado que la producci\u00f3n inicial estar\u00e1 destinada a los grupos de riesgo: trabajadores esenciales, adultos mayores y personas con otras enfermedades o condiciones de comorbilidad. \u201cLa gente piensa que el 1 de enero&#8230;<\/p>\n","protected":false},"author":3,"featured_media":68429,"comment_status":"closed","ping_status":"closed","sticky":false,"template":"","format":"standard","meta":[],"categories":[4],"tags":[],"_links":{"self":[{"href":"https:\/\/www.actualidadadiario.com\/index.php\/wp-json\/wp\/v2\/posts\/68428"}],"collection":[{"href":"https:\/\/www.actualidadadiario.com\/index.php\/wp-json\/wp\/v2\/posts"}],"about":[{"href":"https:\/\/www.actualidadadiario.com\/index.php\/wp-json\/wp\/v2\/types\/post"}],"author":[{"embeddable":true,"href":"https:\/\/www.actualidadadiario.com\/index.php\/wp-json\/wp\/v2\/users\/3"}],"replies":[{"embeddable":true,"href":"https:\/\/www.actualidadadiario.com\/index.php\/wp-json\/wp\/v2\/comments?post=68428"}],"version-history":[{"count":1,"href":"https:\/\/www.actualidadadiario.com\/index.php\/wp-json\/wp\/v2\/posts\/68428\/revisions"}],"predecessor-version":[{"id":68430,"href":"https:\/\/www.actualidadadiario.com\/index.php\/wp-json\/wp\/v2\/posts\/68428\/revisions\/68430"}],"wp:featuredmedia":[{"embeddable":true,"href":"https:\/\/www.actualidadadiario.com\/index.php\/wp-json\/wp\/v2\/media\/68429"}],"wp:attachment":[{"href":"https:\/\/www.actualidadadiario.com\/index.php\/wp-json\/wp\/v2\/media?parent=68428"}],"wp:term":[{"taxonomy":"category","embeddable":true,"href":"https:\/\/www.actualidadadiario.com\/index.php\/wp-json\/wp\/v2\/categories?post=68428"},{"taxonomy":"post_tag","embeddable":true,"href":"https:\/\/www.actualidadadiario.com\/index.php\/wp-json\/wp\/v2\/tags?post=68428"}],"curies":[{"name":"wp","href":"https:\/\/api.w.org\/{rel}","templated":true}]}}