{"id":68279,"date":"2020-10-14T12:41:06","date_gmt":"2020-10-14T15:41:06","guid":{"rendered":"https:\/\/www.actualidadadiario.com\/?p=68279"},"modified":"2020-10-14T12:41:06","modified_gmt":"2020-10-14T15:41:06","slug":"en-cataluna-cierran-bares-y-restaurantes-por-la-segunda-ola-de-coronavirus","status":"publish","type":"post","link":"https:\/\/www.actualidadadiario.com\/index.php\/2020\/10\/14\/en-cataluna-cierran-bares-y-restaurantes-por-la-segunda-ola-de-coronavirus\/","title":{"rendered":"En Catalu\u00f1a, cierran bares y restaurantes por la segunda ola de coronavirus"},"content":{"rendered":"<p style=\"text-align: center;\"><em><strong>Las medidas afectar\u00e1n tambi\u00e9n la capacidad de los centros comerciales, que se reducir\u00e1 al 30%, y de los gimnasios, que bajar\u00e1 al 50%<\/strong><\/em><\/p>\n<p>&nbsp;<\/p>\n<p>&nbsp;<\/p>\n<p>La regi\u00f3n espa\u00f1ola de Catalu\u00f1a anunci\u00f3 hoy el cierre de bares y restaurantes durante 15 d\u00edas, entre otras restricciones, para tratar de frenar los contagios por coronavirus, en fuerte aumento en los \u00faltimos d\u00edas, con 1.620 s\u00f3lo en las \u00faltimas 24 horas.<\/p>\n<p>Las autoridades regionales dieron a conocer hoy estas medidas, que afectar\u00e1n tambi\u00e9n la capacidad de los centros comerciales, que se reducir\u00e1 al 30%, y de los gimnasios, que bajar\u00e1 al 50%.<\/p>\n<p>Las nuevas limitaciones incluyen dejar de dar clases presenciales en las universidades y suspender durante dos semanas todas las competiciones deportivas en esa comunidad aut\u00f3noma &#8211; federadas, escolares o privadas &#8211; para atajar la escalada de los contagios.<\/p>\n<p>La situaci\u00f3n epid\u00e9mica en Catalu\u00f1a se agrav\u00f3 hoy con la suma, en las \u00faltimas 24 horas, de 1.620 nuevos contagios, 23 fallecidos y 40 nuevos hospitalizados, con lo que ya son en total 1.024 los pacientes ingresados.<\/p>\n<p>De ellos, 189 est\u00e1n en unidades de terapia intensiva (UCI), 17 m\u00e1s que ayer y el mismo n\u00famero que hab\u00eda el 26 de mayo, informaron las autoridades, citadas por la agencia de noticias espa\u00f1ola EFE.<\/p>\n<p>La evoluci\u00f3n de la Covid-19 en Catalu\u00f1a sigue empeorando y empieza a preocupar.<\/p>\n<p>La curva epid\u00e9mica en esa regi\u00f3n se est\u00e1 desbocando y registra una incidencia acumulada de 290 casos por 100.000 habitantes, lejos todav\u00eda de la de Madrid, que ayer se situaba en 489,15 por cada 100.000 habitantes.<\/p>\n<p>La capital de Espa\u00f1a y ocho grandes municipios lim\u00edtrofes siguen en estado de alarma desde el viernes pasado por el alto impacto epid\u00e9mico, donde se aplican confinamientos urbanos perimetrales.<\/p>\n","protected":false},"excerpt":{"rendered":"<p>Las medidas afectar\u00e1n tambi\u00e9n la capacidad de los centros comerciales, que se reducir\u00e1 al 30%, y de los gimnasios, que bajar\u00e1 al 50% &nbsp; &nbsp; La regi\u00f3n espa\u00f1ola de Catalu\u00f1a anunci\u00f3 hoy el cierre de bares y restaurantes durante 15 d\u00edas, entre otras restricciones, para tratar de frenar los contagios por coronavirus, en fuerte aumento en los \u00faltimos d\u00edas, con 1.620 s\u00f3lo en las \u00faltimas 24 horas. Las autoridades regionales dieron a conocer hoy estas medidas, que afectar\u00e1n tambi\u00e9n la capacidad de los centros comerciales, que se reducir\u00e1 al 30%,&#8230;<\/p>\n","protected":false},"author":3,"featured_media":68280,"comment_status":"closed","ping_status":"closed","sticky":false,"template":"","format":"standard","meta":[],"categories":[4],"tags":[],"_links":{"self":[{"href":"https:\/\/www.actualidadadiario.com\/index.php\/wp-json\/wp\/v2\/posts\/68279"}],"collection":[{"href":"https:\/\/www.actualidadadiario.com\/index.php\/wp-json\/wp\/v2\/posts"}],"about":[{"href":"https:\/\/www.actualidadadiario.com\/index.php\/wp-json\/wp\/v2\/types\/post"}],"author":[{"embeddable":true,"href":"https:\/\/www.actualidadadiario.com\/index.php\/wp-json\/wp\/v2\/users\/3"}],"replies":[{"embeddable":true,"href":"https:\/\/www.actualidadadiario.com\/index.php\/wp-json\/wp\/v2\/comments?post=68279"}],"version-history":[{"count":1,"href":"https:\/\/www.actualidadadiario.com\/index.php\/wp-json\/wp\/v2\/posts\/68279\/revisions"}],"predecessor-version":[{"id":68281,"href":"https:\/\/www.actualidadadiario.com\/index.php\/wp-json\/wp\/v2\/posts\/68279\/revisions\/68281"}],"wp:featuredmedia":[{"embeddable":true,"href":"https:\/\/www.actualidadadiario.com\/index.php\/wp-json\/wp\/v2\/media\/68280"}],"wp:attachment":[{"href":"https:\/\/www.actualidadadiario.com\/index.php\/wp-json\/wp\/v2\/media?parent=68279"}],"wp:term":[{"taxonomy":"category","embeddable":true,"href":"https:\/\/www.actualidadadiario.com\/index.php\/wp-json\/wp\/v2\/categories?post=68279"},{"taxonomy":"post_tag","embeddable":true,"href":"https:\/\/www.actualidadadiario.com\/index.php\/wp-json\/wp\/v2\/tags?post=68279"}],"curies":[{"name":"wp","href":"https:\/\/api.w.org\/{rel}","templated":true}]}}