{"id":68277,"date":"2020-10-14T12:40:14","date_gmt":"2020-10-14T15:40:14","guid":{"rendered":"https:\/\/www.actualidadadiario.com\/?p=68277"},"modified":"2020-10-14T12:40:14","modified_gmt":"2020-10-14T15:40:14","slug":"paris-y-otras-ciudades-de-francia-se-acercan-al-toque-de-queda","status":"publish","type":"post","link":"https:\/\/www.actualidadadiario.com\/index.php\/2020\/10\/14\/paris-y-otras-ciudades-de-francia-se-acercan-al-toque-de-queda\/","title":{"rendered":"Par\u00eds y otras ciudades de Francia se acercan al toque de queda"},"content":{"rendered":"<p style=\"text-align: center;\"><em><strong>La pandemia regresa a sus d\u00edas m\u00e1s negros y el Ejecutivo de Macron planea anunciar medidas para contener su expansi\u00f3n<\/strong><\/em><\/p>\n<p>&nbsp;<\/p>\n<p>&nbsp;<\/p>\n<p>Par\u00eds y otras grandes ciudades de Francia se asoman despacio a un probable toque de queda y a otra dimensi\u00f3n de la pandemia. El presidente franc\u00e9s, Emmanuel Macron, se dirigir\u00e1 al pa\u00eds este mi\u00e9rcoles 14 de octubre mediante un encuentro con periodistas para anunciar otro apret\u00f3n de tuercas y contener con ello la expansi\u00f3n de la covid-19. El momento que vuelve a ser clave en dos planos, el sanitario y el pol\u00edtico: el virus se expande con la misma virulencia con que el Ejecutivo es atacado por su gesti\u00f3n de las contaminaciones.<\/p>\n<p>Tal como lo hab\u00edan adelantado la semana pasada los expertos, el porcentaje de ocupaci\u00f3n de los servicios de reanimaci\u00f3n de los hospitales crece con el correr de los d\u00edas, muy especialmente en Par\u00eds y sus alrededores, as\u00ed como en Lile, Lyon, Burdeos, Marsella. Hace 7 d\u00edas ese porcentaje era del 40%. Martin Hirsch, director de la Asistencia P\u00fablica-Hospitales de Par\u00eds, calcula que de aqu\u00ed al 24 de octubre ese porcentaje subir\u00e1 \u201cal 70 y al 90%\u201d (diario Le Parisien). El ascenso, seg\u00fan el responsable,\u201d es ineluctable\u201d. De estas cifras y del an\u00e1lisis de la situaci\u00f3n que se llev\u00f3 a cabo este martes en un consejo de defensa se desprende la intervenci\u00f3n televisiva del presidente, con \u00e9l tel\u00f3n de fondo de una serie de preguntas y respuestas con un grupo de periodistas. Ser\u00e1 el primer formato entrevista de este tipo desde el pasado 14 de julio.<\/p>\n<p>Las opciones que se contemplan van desde la exigencia de m\u00e1s responsabilidad de la poblaci\u00f3n hasta toques de queda en la capital francesa y otras capitales regionales expuestas ya a la \u201csegunda ola\u201d. La perspectiva de las vacaciones de todos los santos que se avecina fuerza al poder a instaurar m\u00e1s restricciones. Ya no estamos en julio cuando, en pleno verano, despu\u00e9s del extenso confinamiento, todo ten\u00eda sabor a para\u00edso. Las vacaciones de todos los santos acarrean encuentros familiares, viajes, mezcla de poblaciones, encuentros intergeneracionales y, por ende, un poder de contaminaci\u00f3n m\u00e1s eficaz.<\/p>\n<p>El panorama es preocupante y, aunque var\u00eda de un lugar a otro, las cifras siguen en aumento en su conjunto. En la regi\u00f3n del Gran Este, por ejemplo, s\u00f3lo el 10% de las camas de reanimaci\u00f3n est\u00e1n ocupadas. La problem\u00e1tica se concentra desde ahora en las metr\u00f3polis del pa\u00eds. Una enfermera del Hospital Saint-Louis de Par\u00eds le anunciaba a P\u00e1ginaI12:\u201dnos esperamos otra vez lo peor. Estamos todos en estado de alerta progresiva\u201d. En el distrito 4 de la capital, los m\u00e9dicos del barrio entrevistados por este diario calculan que en los \u00faltimos 10 d\u00edas las consultas de pacientes covid subi\u00f3 alrededor del 30%. Los casos constatados de infecciones oscilan en este momento entre los 8.000 y 20.000 por d\u00eda.<\/p>\n<p>El lento pero seguro oto\u00f1o viene tambi\u00e9n a complicar la situaci\u00f3n sanitaria: hace cada vez m\u00e1s fr\u00edo, la gente sale menos y permanece m\u00e1s tiempo en el interior con todo cerrado y mucho menos aire que circula. En Par\u00eds, los testeos positivos rozan el 17% mientras que la tasa de incidencia sobrepas\u00f3 los 410 casos por cada 100 mil habitantes. La incidencia es particularmente elevada entre las personas con edades que van de los 20 a 30 a\u00f1os. En esta categor\u00eda de la poblaci\u00f3n se registran 645 casos por cada 100 mil habitantes, lo que equivale a 13 veces el umbral de alerta establecido a 50. La pandemia regresa a sus d\u00edas m\u00e1s negros al mismo tiempo que el Ejecutivo mantiene su postura: no cerrar el pa\u00eds, permitir que \u201cla vida social siga su curso\u201d, no detener la econom\u00eda. El primer ministro, Jean Castex, repite desde el mes de agosto que un nuevo reconfinamiento \u201cser\u00eda peor que todo\u201d. Los cient\u00edficos exigen mano m\u00e1s dura al tiempo que admiten que un escenario como el del pasado mes de marzo no puede volver a repetirse: en marzo la pandemia irrumpi\u00f3 por sorpresa cuando ahora ya se cuenta con s\u00f3lidos conocimientos para tomar medidas m\u00e1s matizadas. Por consiguiente, la hip\u00f3tesis de un reconfinamiento general o local est\u00e1 excluida. Sin embargo, algo se mueve en el fondo porque, de lo contrario, el jefe del Estado no intervendr\u00eda este mi\u00e9rcoles en la televisi\u00f3n.<\/p>\n<p>Precisamente, en v\u00edsperas de esa intervenci\u00f3n presidencial una misi\u00f3n de evaluaci\u00f3n sobre la gesti\u00f3n de la pandemia sac\u00f3 conclusiones bastante cr\u00edticas. En un informe de dicha misi\u00f3n compuesta por cinco expertos que empez\u00f3 a trabajar en el mes de junio, los especialistas verificaron \u201cdefectos manifiestos de anticipaci\u00f3n, de preparaci\u00f3n y de gesti\u00f3n\u201d. Escasa disponibilidad de tapabocas, tardanza en la realizaci\u00f3n de test, fallas en la coordinaci\u00f3n entre los diferentes actores y abandono de la prioridad acordada a la prevenci\u00f3n constituyen el eje de las observaciones negativas. Didier Pittet, el infect\u00f3logo que preside la comisi\u00f3n, observa que hubo un \u201catraso\u201d en el an\u00e1lisis de la gravedad de la crisis y que s\u00f3lo se tom\u00f3 conciencia de la amplitud del problema sanitario cuando los pacientes llegaban en masa a los servicios de reanimaci\u00f3n. Por otra parte, Francia no es el \u00fanico pa\u00eds europeo al cual la covid-19 oblig\u00f3 a revertir sus pasos: Espa\u00f1a, Italia, Gran Breta\u00f1a, B\u00e9lgica, y los Pa\u00edses Bajos est\u00e1 nuevamente inmersos en el redespliegue de un virus que no acaba de llevarse puestas vidas humanas, econom\u00edas, futuros y esperanzas.<\/p>\n","protected":false},"excerpt":{"rendered":"<p>La pandemia regresa a sus d\u00edas m\u00e1s negros y el Ejecutivo de Macron planea anunciar medidas para contener su expansi\u00f3n &nbsp; &nbsp; Par\u00eds y otras grandes ciudades de Francia se asoman despacio a un probable toque de queda y a otra dimensi\u00f3n de la pandemia. El presidente franc\u00e9s, Emmanuel Macron, se dirigir\u00e1 al pa\u00eds este mi\u00e9rcoles 14 de octubre mediante un encuentro con periodistas para anunciar otro apret\u00f3n de tuercas y contener con ello la expansi\u00f3n de la covid-19. El momento que vuelve a ser clave en dos planos, el&#8230;<\/p>\n","protected":false},"author":3,"featured_media":60492,"comment_status":"closed","ping_status":"closed","sticky":false,"template":"","format":"standard","meta":[],"categories":[4],"tags":[],"_links":{"self":[{"href":"https:\/\/www.actualidadadiario.com\/index.php\/wp-json\/wp\/v2\/posts\/68277"}],"collection":[{"href":"https:\/\/www.actualidadadiario.com\/index.php\/wp-json\/wp\/v2\/posts"}],"about":[{"href":"https:\/\/www.actualidadadiario.com\/index.php\/wp-json\/wp\/v2\/types\/post"}],"author":[{"embeddable":true,"href":"https:\/\/www.actualidadadiario.com\/index.php\/wp-json\/wp\/v2\/users\/3"}],"replies":[{"embeddable":true,"href":"https:\/\/www.actualidadadiario.com\/index.php\/wp-json\/wp\/v2\/comments?post=68277"}],"version-history":[{"count":1,"href":"https:\/\/www.actualidadadiario.com\/index.php\/wp-json\/wp\/v2\/posts\/68277\/revisions"}],"predecessor-version":[{"id":68278,"href":"https:\/\/www.actualidadadiario.com\/index.php\/wp-json\/wp\/v2\/posts\/68277\/revisions\/68278"}],"wp:featuredmedia":[{"embeddable":true,"href":"https:\/\/www.actualidadadiario.com\/index.php\/wp-json\/wp\/v2\/media\/60492"}],"wp:attachment":[{"href":"https:\/\/www.actualidadadiario.com\/index.php\/wp-json\/wp\/v2\/media?parent=68277"}],"wp:term":[{"taxonomy":"category","embeddable":true,"href":"https:\/\/www.actualidadadiario.com\/index.php\/wp-json\/wp\/v2\/categories?post=68277"},{"taxonomy":"post_tag","embeddable":true,"href":"https:\/\/www.actualidadadiario.com\/index.php\/wp-json\/wp\/v2\/tags?post=68277"}],"curies":[{"name":"wp","href":"https:\/\/api.w.org\/{rel}","templated":true}]}}