{"id":68217,"date":"2020-10-14T12:19:05","date_gmt":"2020-10-14T15:19:05","guid":{"rendered":"https:\/\/www.actualidadadiario.com\/?p=68217"},"modified":"2020-10-14T12:19:05","modified_gmt":"2020-10-14T15:19:05","slug":"nueva-propuesta-formativa-de-educacion-profesional","status":"publish","type":"post","link":"https:\/\/www.actualidadadiario.com\/index.php\/2020\/10\/14\/nueva-propuesta-formativa-de-educacion-profesional\/","title":{"rendered":"Nueva propuesta formativa de educaci\u00f3n profesional"},"content":{"rendered":"<p style=\"text-align: center;\"><em><strong>El Consejo General de Educaci\u00f3n (CGE) anunci\u00f3 la apertura de inscripciones al trayecto de Formaci\u00f3n Profesional de Desarrollador \u201cFull Stack\u201d<\/strong><\/em><\/p>\n<p>&nbsp;<\/p>\n<p>&nbsp;<\/p>\n<p>A trav\u00e9s de un convenio con el Ministerio de Educaci\u00f3n de C\u00f3rdoba, egresados de secundaria y nivel superior de la provincia cuentan con la posibilidad de acceder a una nueva propuesta formativa la cual es parte de la Tecnicatura Superior en Desarrollo Web y Aplicaciones Digitales del Instituto Superior Polit\u00e9cnico C\u00f3rdoba.<\/p>\n<p>Se trata del curso de Desarrollador \u201cFull Stack\u201d, el cual busca promover la generaci\u00f3n de un conjunto de competencias espec\u00edficas dentro del sector profesional de inform\u00e1tica articuladas a partir de las demandas socio-productivas.<\/p>\n<p>En este marco, la Direcci\u00f3n de Educaci\u00f3n T\u00e9cnico Profesional dependiente del CGE, indic\u00f3 que ya se encuentran abiertas las inscripciones al ciclo formativo en el sitio web oficial del organismo y que el cierre de las mismas ser\u00e1 el 23 de octubre.<\/p>\n<p>La modalidad del cursado es virtual, cuenta con una carga horaria de 300 horas reloj, distribuidas en seis meses, utilizando metodolog\u00eda de Aprendizaje Basado en Proyectos (ABP). El requisito para inscribirse implica contar con el secundario completo con residencia en la provincia de Entre R\u00edos. Del mismo modo, se explica que tendr\u00e1n prioridad los T\u00edtulos T\u00e9cnicos secundarios o superiores, de la Familia Profesional Inform\u00e1tica.<\/p>\n<p>El titular del organismo educativo entrerriano, Mart\u00edn M\u00fcller, explic\u00f3 que &#8220;este convenio con C\u00f3rdoba es clave porque significa llevar adelante una estrategia de vinculaci\u00f3n: primero al interior del sistema educativo, entre la escuela secundaria, la formaci\u00f3n profesional, el nivel superior y tambi\u00e9n con las universidades. Y en segundo lugar, para impulsar un modelo que ponga como prioridad la educaci\u00f3n para el desarrollo de la provincia. Creemos necesario que el sistema educativo est\u00e9 a la altura de las demandas de formaci\u00f3n actual&#8221;, asegur\u00f3 el funcionario.<\/p>\n<p>Por su parte, el director de Educaci\u00f3n T\u00e9cnico Profesional, Gustavo Casal habl\u00f3 de la importancia de este convenio, el cual &#8220;permite que nuestra provincia avance en capacitaciones vinculadas a la programaci\u00f3n y al desarrollo de aplicaciones. Si bien en Entre R\u00edos nos encontramos trabajando en generar una propuesta propia con el Polo Tecnol\u00f3gico de la C\u00e1mara de Programadores, esta propuesta responde a esta demanda formativa de forma inmediata&#8221;, indic\u00f3.<\/p>\n<p>En el encuentro con modalidad remota estuvieron presentes el ministro de Educaci\u00f3n de la Naci\u00f3n, Nicol\u00e1s Trotta y el director del Instituto Nacional de Educaci\u00f3n Tecnol\u00f3gica (INET), Diego Golombek. A su vez participaron de la firma del convenio el presidente del Consejo General de Educaci\u00f3n, Mart\u00edn M\u00fcller; el ministro de Educaci\u00f3n de C\u00f3rdoba, Walter Grahovac; la ministra de Ciencia e Innovaci\u00f3n Tecnol\u00f3gica de Catamarca, Mar\u00eda Eugenia Rosales Matienzo.<\/p>\n<p>Para m\u00e1s informaci\u00f3n, comunicarse al tecnicoprofesional.cge@entrerios.edu.ar<\/p>\n","protected":false},"excerpt":{"rendered":"<p>El Consejo General de Educaci\u00f3n (CGE) anunci\u00f3 la apertura de inscripciones al trayecto de Formaci\u00f3n Profesional de Desarrollador \u201cFull Stack\u201d &nbsp; &nbsp; A trav\u00e9s de un convenio con el Ministerio de Educaci\u00f3n de C\u00f3rdoba, egresados de secundaria y nivel superior de la provincia cuentan con la posibilidad de acceder a una nueva propuesta formativa la cual es parte de la Tecnicatura Superior en Desarrollo Web y Aplicaciones Digitales del Instituto Superior Polit\u00e9cnico C\u00f3rdoba. Se trata del curso de Desarrollador \u201cFull Stack\u201d, el cual busca promover la generaci\u00f3n de un conjunto&#8230;<\/p>\n","protected":false},"author":3,"featured_media":66109,"comment_status":"closed","ping_status":"closed","sticky":false,"template":"","format":"standard","meta":[],"categories":[15],"tags":[],"_links":{"self":[{"href":"https:\/\/www.actualidadadiario.com\/index.php\/wp-json\/wp\/v2\/posts\/68217"}],"collection":[{"href":"https:\/\/www.actualidadadiario.com\/index.php\/wp-json\/wp\/v2\/posts"}],"about":[{"href":"https:\/\/www.actualidadadiario.com\/index.php\/wp-json\/wp\/v2\/types\/post"}],"author":[{"embeddable":true,"href":"https:\/\/www.actualidadadiario.com\/index.php\/wp-json\/wp\/v2\/users\/3"}],"replies":[{"embeddable":true,"href":"https:\/\/www.actualidadadiario.com\/index.php\/wp-json\/wp\/v2\/comments?post=68217"}],"version-history":[{"count":1,"href":"https:\/\/www.actualidadadiario.com\/index.php\/wp-json\/wp\/v2\/posts\/68217\/revisions"}],"predecessor-version":[{"id":68218,"href":"https:\/\/www.actualidadadiario.com\/index.php\/wp-json\/wp\/v2\/posts\/68217\/revisions\/68218"}],"wp:featuredmedia":[{"embeddable":true,"href":"https:\/\/www.actualidadadiario.com\/index.php\/wp-json\/wp\/v2\/media\/66109"}],"wp:attachment":[{"href":"https:\/\/www.actualidadadiario.com\/index.php\/wp-json\/wp\/v2\/media?parent=68217"}],"wp:term":[{"taxonomy":"category","embeddable":true,"href":"https:\/\/www.actualidadadiario.com\/index.php\/wp-json\/wp\/v2\/categories?post=68217"},{"taxonomy":"post_tag","embeddable":true,"href":"https:\/\/www.actualidadadiario.com\/index.php\/wp-json\/wp\/v2\/tags?post=68217"}],"curies":[{"name":"wp","href":"https:\/\/api.w.org\/{rel}","templated":true}]}}