{"id":68142,"date":"2020-10-13T12:14:06","date_gmt":"2020-10-13T15:14:06","guid":{"rendered":"https:\/\/www.actualidadadiario.com\/?p=68142"},"modified":"2020-10-13T12:14:06","modified_gmt":"2020-10-13T15:14:06","slug":"bordet-y-donda-trabajan-en-una-agenda-para-evitar-sesgos-discriminatorios-en-la-sociedad","status":"publish","type":"post","link":"https:\/\/www.actualidadadiario.com\/index.php\/2020\/10\/13\/bordet-y-donda-trabajan-en-una-agenda-para-evitar-sesgos-discriminatorios-en-la-sociedad\/","title":{"rendered":"Bordet y Donda trabajan en una agenda para evitar sesgos discriminatorios en la sociedad"},"content":{"rendered":"<p style=\"text-align: center;\"><em><strong>\u201cAvanzamos en una agenda institucional y pol\u00edtica que tiene que ver con evitar todo tipo de sesgo discriminatorio en nuestra sociedad\u201d, sostuvo el gobernador Gustavo Bordet tras reunirse con la titular del Instituto Nacional contra la Discriminaci\u00f3n, la Xenofobia y el Racismo (Inadi), Victoria Donda<\/strong><\/em><\/p>\n<p>&nbsp;<\/p>\n<p>&nbsp;<\/p>\n<p>Por su parte, Donda sostuvo que apoya iniciativas fundamentales como el proyecto de ley de paridad presentado por la vicegobernadora Laura Stratta y que en Entre R\u00edos &#8220;hay un Inadi muy integrado con las pol\u00edticas provinciales\u201d. Al finalizar el encuentro en el Centro Provincial de Convenciones este lunes al mediod\u00eda, la funcionaria nacional sostuvo: \u201cMe siento parte del proyecto que el gobernador encabeza y conduce en Entre R\u00edos&#8221;.<\/p>\n<p>El gobernador Bordet detall\u00f3 que los temas tratados tuvieron que ver &#8220;con una agenda institucional que se viene llevando en com\u00fan sobre temas que tienen que ver con evitar todo tipo de sesgo discriminatorio en nuestra sociedad y en la que estemos integrados tanto mujeres como hombres&#8221;.<\/p>\n<p>Dijo que tambi\u00e9n se avanz\u00f3 sobre una agenda pol\u00edtica &#8220;porque integramos el Frente de Todos y Somos, el partido que representa Victoria Donda, ha sido una parte importante de nuestro frente. En ese sentido, tambi\u00e9n estuvimos valorando pol\u00edticamente las circunstancias que nos toca vivir, y sobre todo el compromiso con nuestro gobierno nacional y Presidente&#8221;, precis\u00f3.<\/p>\n<p>Por su parte, la titular del Inadi, Victoria Donda, se refiri\u00f3 a la aprobaci\u00f3n la Ley de Cupo Trans que &#8220;para nosotros es importante porque significa que una parte de la sociedad empiece a ser visibilizada. Trabajar en una agenda contra la discriminaci\u00f3n, el racismo, la xenofobia es el compromiso que tenemos desde el Inadi&#8221;.<\/p>\n<p>Sostuvo luego que en Entre R\u00edos &#8220;hay un Inadi muy integrado con las pol\u00edticas provinciales y venimos trabajando en ese sentido, y apoyando otras iniciativas que nos parece fundamentales como el proyecto de ley de paridad presentado por Laura Stratta que tambi\u00e9n tiene que ver con visibilizar una parte de la sociedad que hemos sido discriminadas hist\u00f3ricamente de ocupar determinados lugares poder&#8221;.<\/p>\n<p>&#8220;Yo me siento parte del proyecto que el gobernador encabeza y conduce en Entre R\u00edos&#8221;, sostuvo luego.<\/p>\n<p>Consultado sobre lo tratado en t\u00e9rminos pol\u00edticos, Donda indic\u00f3 que se avanz\u00f3 &#8220;sobre el c\u00f3mo fortalecer el proyecto de gobierno nacional. Como dijo el gobernador, nosotros somos parte del Frente de Todos, el proyecto nacional y el proyecto en la provincia porque eso es directamente c\u00f3mo mejoramos la vida de los y las entrerrianas&#8221;.<\/p>\n<p>Dicho esto, detall\u00f3 que &#8220;mejorar la vida en un contexto mundial que estamos conociendo con esta pandemia y tenemos el desaf\u00edo de gobernar en medio de la pandemia y de hacer que se sufra menos la falta de trabajo, el aislamiento que a veces tiene que darse para no contagiarnos todos y el mundo que nos toca vivir&#8221;.<\/p>\n<p>A modo de cierre, Donda dijo que &#8220;la discriminaci\u00f3n se sigue sufriendo. La verdad es que Argentina es un pa\u00eds racista. El racismo asociado a la pobreza es la primera causa de discriminaci\u00f3n en nuestro pa\u00eds, y la de g\u00e9nero es la segunda causa de discriminaci\u00f3n. Un d\u00eda como hoy que antes se celebraba, y la verdad que lo que hay que tener en cuenta, sobre todo en una zona como \u00e9sta que tienen una riqueza tan vasta en comunidades originarias. Am\u00e9rica no fue descubierta, fue colonizada y quienes viv\u00edan ac\u00e1 fueron exterminados, y los y las que sobrevivieron tiene que ser respetadas en sus derechos. Tenemos que apostar que realmente haya una integraci\u00f3n de las distintas culturas&#8221;, concluy\u00f3.<\/p>\n","protected":false},"excerpt":{"rendered":"<p>\u201cAvanzamos en una agenda institucional y pol\u00edtica que tiene que ver con evitar todo tipo de sesgo discriminatorio en nuestra sociedad\u201d, sostuvo el gobernador Gustavo Bordet tras reunirse con la titular del Instituto Nacional contra la Discriminaci\u00f3n, la Xenofobia y el Racismo (Inadi), Victoria Donda &nbsp; &nbsp; Por su parte, Donda sostuvo que apoya iniciativas fundamentales como el proyecto de ley de paridad presentado por la vicegobernadora Laura Stratta y que en Entre R\u00edos &#8220;hay un Inadi muy integrado con las pol\u00edticas provinciales\u201d. Al finalizar el encuentro en el Centro&#8230;<\/p>\n","protected":false},"author":3,"featured_media":68143,"comment_status":"closed","ping_status":"closed","sticky":false,"template":"","format":"standard","meta":[],"categories":[15],"tags":[],"_links":{"self":[{"href":"https:\/\/www.actualidadadiario.com\/index.php\/wp-json\/wp\/v2\/posts\/68142"}],"collection":[{"href":"https:\/\/www.actualidadadiario.com\/index.php\/wp-json\/wp\/v2\/posts"}],"about":[{"href":"https:\/\/www.actualidadadiario.com\/index.php\/wp-json\/wp\/v2\/types\/post"}],"author":[{"embeddable":true,"href":"https:\/\/www.actualidadadiario.com\/index.php\/wp-json\/wp\/v2\/users\/3"}],"replies":[{"embeddable":true,"href":"https:\/\/www.actualidadadiario.com\/index.php\/wp-json\/wp\/v2\/comments?post=68142"}],"version-history":[{"count":1,"href":"https:\/\/www.actualidadadiario.com\/index.php\/wp-json\/wp\/v2\/posts\/68142\/revisions"}],"predecessor-version":[{"id":68144,"href":"https:\/\/www.actualidadadiario.com\/index.php\/wp-json\/wp\/v2\/posts\/68142\/revisions\/68144"}],"wp:featuredmedia":[{"embeddable":true,"href":"https:\/\/www.actualidadadiario.com\/index.php\/wp-json\/wp\/v2\/media\/68143"}],"wp:attachment":[{"href":"https:\/\/www.actualidadadiario.com\/index.php\/wp-json\/wp\/v2\/media?parent=68142"}],"wp:term":[{"taxonomy":"category","embeddable":true,"href":"https:\/\/www.actualidadadiario.com\/index.php\/wp-json\/wp\/v2\/categories?post=68142"},{"taxonomy":"post_tag","embeddable":true,"href":"https:\/\/www.actualidadadiario.com\/index.php\/wp-json\/wp\/v2\/tags?post=68142"}],"curies":[{"name":"wp","href":"https:\/\/api.w.org\/{rel}","templated":true}]}}