{"id":68127,"date":"2020-10-09T12:32:07","date_gmt":"2020-10-09T15:32:07","guid":{"rendered":"https:\/\/www.actualidadadiario.com\/?p=68127"},"modified":"2020-10-09T12:32:07","modified_gmt":"2020-10-09T15:32:07","slug":"jair-bolsonaro-dijo-que-los-argentinos-tienen-lo-que-se-merecen-por-no-haber-votado-a-macri","status":"publish","type":"post","link":"https:\/\/www.actualidadadiario.com\/index.php\/2020\/10\/09\/jair-bolsonaro-dijo-que-los-argentinos-tienen-lo-que-se-merecen-por-no-haber-votado-a-macri\/","title":{"rendered":"Jair Bolsonaro dijo que los argentinos tienen lo que se merecen por no haber votado a Macri"},"content":{"rendered":"<p style=\"text-align: center;\"><em><strong>El presidente de Brasil volvi\u00f3 a la carga contra Alberto Fern\u00e1ndez y manifest\u00f3 una vez m\u00e1s sus coincidencias con el macrismo. Su mensaje durante un vivo en Facebook fue que la Argentina es un mal ejemplo<\/strong><\/em><\/p>\n<p>&nbsp;<\/p>\n<p>&nbsp;<\/p>\n<p>&nbsp;<\/p>\n<p>Un vez m\u00e1s, Jair Bolsonaro fustig\u00f3 p\u00fablicamente al presidente Alberto Fern\u00e1ndez. Esta vez lo hizo por su postura a favor de impulsar el debate Parlamentario para la interrupci\u00f3n legal del embarazo, pero tambi\u00e9n lo acus\u00f3 de hacer que regrese \u201cel zurdaje\u201d a la Argentina y cuestion\u00f3 al \u201cpueblo argentino\u201d por no haber votado a\u00a0 Mauricio Macri.<\/p>\n<p>&#8220;Le\u00ed que el presidente de la Argentina va a legalizar el aborto. Sacaron a (Mauricio) Macri y el resultado es ese. Pueblo argentino, lo lamento, es lo que ustedes se merecen&#8221;, dijo el presidente de Brasil anoche, durante su transmisi\u00f3n semanal en vivo por su cuenta de Facebook.<\/p>\n<p>La particularidad del caso es que el debate por la legalizaci\u00f3n del aborto no es una decisi\u00f3n que el gobierno nacional adopta de manera unilateral, porque se trata de una norma que debe ser debatida por el Congreso Nacional.<\/p>\n<p>Adem\u00e1s, si bien la despenalizaci\u00f3n es un tema que est\u00e1 en la agenda del Gobierno y es una promesa de campa\u00f1a de Alberto Fern\u00e1ndez, el Poder Ejecutivo a\u00fan no envi\u00f3 el proyecto al Congreso para el debate parlamentario.<\/p>\n<p>Por otra parte, al hablar sobre los problemas que tiene para gobernar, Bolsonaro se compar\u00f3 con Mauricio Macri. Seg\u00fan \u00e9l, al ex presidente &#8220;lo criticaron tanto hasta que volvi\u00f3 el &#8216;zurdaje&#8217; con Cristina Kirchner&#8221;.<\/p>\n<p>&#8220;Miren el ejemplo de la Argentina \u2013dijo-. Macri fue elegido hace cinco a\u00f1os con un discurso parecido al m\u00edo, siendo uno de los pa\u00edses que logr\u00f3 liberarse del grupito del Foro de San Pablo, el grupito de Cristina Kirchner, de Dilma (Rousseff), de Nicol\u00e1s Maduro. Macri, como yo, no pudo hacer todo lo que quer\u00eda hacer en el gobierno&#8221;.<\/p>\n<p>Las cr\u00edticas de anoche se suman a la serie de exabruptos que el mandatario brasile\u00f1o lanza contra el gobierno argentino electo en 2019. En febrero pasado, el canciller Felipe Sol\u00e1 y el embajador en Brasilia, Daniel Scioli, visitaron a Bolsonaro e inauguraron el inicio de una etapa de distensi\u00f3n.<\/p>\n<p>De buen humor y entre risas, Bolsonaro, quien hab\u00eda hecho campa\u00f1a por Macri, tambi\u00e9n ocup\u00f3 parte de su programa semanal en Facebook para defender su decisi\u00f3n de acercarse al Congreso y al Supremo Tribunal Federal.<\/p>\n<p>Dijo que en su gobierno la Operaci\u00f3n Lava Jato &#8220;no tiene raz\u00f3n de ser porque no hay corrupci\u00f3n&#8221;. Y de paso fustig\u00f3 a sus lectores: &#8220;Estoy viendo en mi p\u00e1gina de Facebook a seguidores que ahora me insultan, me dicen que soy corrupto. \u00bfPuedo decir malas palabras? La puta que los pari\u00f3, mierda. No me jodan, hablan mierdas sin saber lo que est\u00e1 ocurriendo en el pa\u00eds&#8221;, lanz\u00f3.<\/p>\n","protected":false},"excerpt":{"rendered":"<p>El presidente de Brasil volvi\u00f3 a la carga contra Alberto Fern\u00e1ndez y manifest\u00f3 una vez m\u00e1s sus coincidencias con el macrismo. Su mensaje durante un vivo en Facebook fue que la Argentina es un mal ejemplo &nbsp; &nbsp; &nbsp; Un vez m\u00e1s, Jair Bolsonaro fustig\u00f3 p\u00fablicamente al presidente Alberto Fern\u00e1ndez. Esta vez lo hizo por su postura a favor de impulsar el debate Parlamentario para la interrupci\u00f3n legal del embarazo, pero tambi\u00e9n lo acus\u00f3 de hacer que regrese \u201cel zurdaje\u201d a la Argentina y cuestion\u00f3 al \u201cpueblo argentino\u201d por no&#8230;<\/p>\n","protected":false},"author":3,"featured_media":68128,"comment_status":"closed","ping_status":"closed","sticky":false,"template":"","format":"standard","meta":[],"categories":[4],"tags":[],"_links":{"self":[{"href":"https:\/\/www.actualidadadiario.com\/index.php\/wp-json\/wp\/v2\/posts\/68127"}],"collection":[{"href":"https:\/\/www.actualidadadiario.com\/index.php\/wp-json\/wp\/v2\/posts"}],"about":[{"href":"https:\/\/www.actualidadadiario.com\/index.php\/wp-json\/wp\/v2\/types\/post"}],"author":[{"embeddable":true,"href":"https:\/\/www.actualidadadiario.com\/index.php\/wp-json\/wp\/v2\/users\/3"}],"replies":[{"embeddable":true,"href":"https:\/\/www.actualidadadiario.com\/index.php\/wp-json\/wp\/v2\/comments?post=68127"}],"version-history":[{"count":1,"href":"https:\/\/www.actualidadadiario.com\/index.php\/wp-json\/wp\/v2\/posts\/68127\/revisions"}],"predecessor-version":[{"id":68129,"href":"https:\/\/www.actualidadadiario.com\/index.php\/wp-json\/wp\/v2\/posts\/68127\/revisions\/68129"}],"wp:featuredmedia":[{"embeddable":true,"href":"https:\/\/www.actualidadadiario.com\/index.php\/wp-json\/wp\/v2\/media\/68128"}],"wp:attachment":[{"href":"https:\/\/www.actualidadadiario.com\/index.php\/wp-json\/wp\/v2\/media?parent=68127"}],"wp:term":[{"taxonomy":"category","embeddable":true,"href":"https:\/\/www.actualidadadiario.com\/index.php\/wp-json\/wp\/v2\/categories?post=68127"},{"taxonomy":"post_tag","embeddable":true,"href":"https:\/\/www.actualidadadiario.com\/index.php\/wp-json\/wp\/v2\/tags?post=68127"}],"curies":[{"name":"wp","href":"https:\/\/api.w.org\/{rel}","templated":true}]}}