{"id":68124,"date":"2020-10-09T12:31:12","date_gmt":"2020-10-09T15:31:12","guid":{"rendered":"https:\/\/www.actualidadadiario.com\/?p=68124"},"modified":"2020-10-09T12:31:12","modified_gmt":"2020-10-09T15:31:12","slug":"trump-podria-volver-a-participar-de-eventos-publicos-a-partir-del-sabado","status":"publish","type":"post","link":"https:\/\/www.actualidadadiario.com\/index.php\/2020\/10\/09\/trump-podria-volver-a-participar-de-eventos-publicos-a-partir-del-sabado\/","title":{"rendered":"Trump podr\u00eda volver a participar de eventos p\u00fablicos a partir del s\u00e1bado"},"content":{"rendered":"<p style=\"text-align: center;\"><em><strong>El presidente de los Estados Unidos respondi\u00f3 &#8220;extremadamente bien&#8221; al tratamiento de Covid-19, asegur\u00f3 su m\u00e9dico Sean Conley<\/strong><\/em><\/p>\n<p>&nbsp;<\/p>\n<p>&nbsp;<\/p>\n<p>El presidente de los Estados Unidos Donald Trump podr\u00eda retomar sus \u201ccompromisos p\u00fablicos\u201d a partir del s\u00e1bado, anunci\u00f3 hoy el m\u00e9dico de la Casa Blanca, afirmando que el mandatario respondi\u00f3 \u201cextremadamente bien\u201d al tratamiento de Covid-19.<\/p>\n<p>\u201cEl s\u00e1bado ser\u00e1 el d\u00e9cimo d\u00eda desde su diagn\u00f3stico el jueves pasado, y con base en la trayectoria de los diagn\u00f3sticos avanzados que el equipo ha estado realizando, anticipo completamente el regreso seguro del presidente a los compromisos p\u00fablicos en ese momento\u201d, dijo Sean Conley en su \u00faltimo informe sobre el estado de salud de Trump.<\/p>\n<p>\u201cEn general, ha respondido extremadamente bien al tratamiento sin evidencia en el examen de efectos terap\u00e9uticos adversos\u201d, a\u00f1adi\u00f3 Conley.<\/p>\n<p>Desde su diagn\u00f3stico, Trump pas\u00f3 tres d\u00edas en el hospital antes de regresar a la Casa Blanca el lunes por la noche.<\/p>\n<p>En los \u00faltimos d\u00edas, la Casa Blanca se transform\u00f3 en foco de Covid-19, con docenas de personas cercanas a Trump que dieron positivo.<\/p>\n","protected":false},"excerpt":{"rendered":"<p>El presidente de los Estados Unidos respondi\u00f3 &#8220;extremadamente bien&#8221; al tratamiento de Covid-19, asegur\u00f3 su m\u00e9dico Sean Conley &nbsp; &nbsp; El presidente de los Estados Unidos Donald Trump podr\u00eda retomar sus \u201ccompromisos p\u00fablicos\u201d a partir del s\u00e1bado, anunci\u00f3 hoy el m\u00e9dico de la Casa Blanca, afirmando que el mandatario respondi\u00f3 \u201cextremadamente bien\u201d al tratamiento de Covid-19. \u201cEl s\u00e1bado ser\u00e1 el d\u00e9cimo d\u00eda desde su diagn\u00f3stico el jueves pasado, y con base en la trayectoria de los diagn\u00f3sticos avanzados que el equipo ha estado realizando, anticipo completamente el regreso seguro del&#8230;<\/p>\n","protected":false},"author":3,"featured_media":68125,"comment_status":"closed","ping_status":"closed","sticky":false,"template":"","format":"standard","meta":[],"categories":[4],"tags":[],"_links":{"self":[{"href":"https:\/\/www.actualidadadiario.com\/index.php\/wp-json\/wp\/v2\/posts\/68124"}],"collection":[{"href":"https:\/\/www.actualidadadiario.com\/index.php\/wp-json\/wp\/v2\/posts"}],"about":[{"href":"https:\/\/www.actualidadadiario.com\/index.php\/wp-json\/wp\/v2\/types\/post"}],"author":[{"embeddable":true,"href":"https:\/\/www.actualidadadiario.com\/index.php\/wp-json\/wp\/v2\/users\/3"}],"replies":[{"embeddable":true,"href":"https:\/\/www.actualidadadiario.com\/index.php\/wp-json\/wp\/v2\/comments?post=68124"}],"version-history":[{"count":1,"href":"https:\/\/www.actualidadadiario.com\/index.php\/wp-json\/wp\/v2\/posts\/68124\/revisions"}],"predecessor-version":[{"id":68126,"href":"https:\/\/www.actualidadadiario.com\/index.php\/wp-json\/wp\/v2\/posts\/68124\/revisions\/68126"}],"wp:featuredmedia":[{"embeddable":true,"href":"https:\/\/www.actualidadadiario.com\/index.php\/wp-json\/wp\/v2\/media\/68125"}],"wp:attachment":[{"href":"https:\/\/www.actualidadadiario.com\/index.php\/wp-json\/wp\/v2\/media?parent=68124"}],"wp:term":[{"taxonomy":"category","embeddable":true,"href":"https:\/\/www.actualidadadiario.com\/index.php\/wp-json\/wp\/v2\/categories?post=68124"},{"taxonomy":"post_tag","embeddable":true,"href":"https:\/\/www.actualidadadiario.com\/index.php\/wp-json\/wp\/v2\/tags?post=68124"}],"curies":[{"name":"wp","href":"https:\/\/api.w.org\/{rel}","templated":true}]}}