{"id":68065,"date":"2020-10-09T12:03:13","date_gmt":"2020-10-09T15:03:13","guid":{"rendered":"https:\/\/www.actualidadadiario.com\/?p=68065"},"modified":"2020-10-09T12:03:13","modified_gmt":"2020-10-09T15:03:13","slug":"nueva-fase-de-distanciamiento-no-podemos-bajar-la-guardia-dijo-bordet","status":"publish","type":"post","link":"https:\/\/www.actualidadadiario.com\/index.php\/2020\/10\/09\/nueva-fase-de-distanciamiento-no-podemos-bajar-la-guardia-dijo-bordet\/","title":{"rendered":"Nueva fase de distanciamiento: &#8220;No podemos bajar la guardia&#8221;, dijo Bordet"},"content":{"rendered":"<p style=\"text-align: center;\"><em><strong>&#8220;En tiempos en los que se est\u00e1 trabajando para retomar la presencialidad en las escuelas tenemos que ser a\u00fan m\u00e1s insistentes con la transmisi\u00f3n de las medidas de cuidado a nuestros ni\u00f1os, ni\u00f1as y adolescentes&#8221;, dijo el gobernador<\/strong><\/em><\/p>\n<p>&nbsp;<\/p>\n<p>&nbsp;<\/p>\n<p>En la v\u00edspera, durante una videoconferencia, el presidente Alberto Fern\u00e1ndez analiz\u00f3 con los gobernadores la situaci\u00f3n epidemiol\u00f3gica de cada distrito.<\/p>\n<p>Al respecto, el mandatario entrerriano, Gustavo Bordet, valor\u00f3 que &#8220;contar con este tipo de instancias de trabajo es un aliciente que nos permite compartir informaci\u00f3n sobre la realidad de la pandemia en todo el pa\u00eds, e ir dise\u00f1ando entre todos y todas las herramientas que necesitamos para superar estos momentos&#8221;.<\/p>\n<p>Puso de relieve que &#8220;no podemos ni debemos bajar la guardia respecto del avance del virus, porque eso puede significar mucho sufrimiento para la gente, y en especial para las personas con estados de salud m\u00e1s vulnerables&#8221;.<\/p>\n<p>Consider\u00f3 que &#8220;debemos llevar adelante una acci\u00f3n concertada del Estado y la sociedad civil para poder seguir adelante y proyectarnos en una nueva normalidad&#8221;.<\/p>\n<p>Bordet destac\u00f3 que &#8220;desde Entre R\u00edos hemos buscado mantener un cuidadoso equilibrio entre la situaci\u00f3n sanitaria y la apertura de actividades econ\u00f3micas. Para eso es crucial mantener las medidas de cuidado como el distanciamiento, la higiene de manos y evitar la aglomeraci\u00f3n de personas&#8221;.<\/p>\n<p>&#8220;El accionar de cada uno o una en su casa, por m\u00e1s min\u00fasculo que sea, puede contribuir a salvar vidas&#8221;, subray\u00f3 el gobernador, a la vez que indic\u00f3: &#8220;En tiempos en los que se est\u00e1 trabajando con mucho esfuerzo para retomar la presencialidad en las escuelas tenemos que ser a\u00fan m\u00e1s insistentes con la transmisi\u00f3n de las medidas de cuidado a nuestros ni\u00f1os, ni\u00f1as y adolescentes&#8221;.<\/p>\n<p>&#8220;Tenemos que demostrar que podemos establecer una forma segura de convivir con el virus hasta la aplicaci\u00f3n masiva de una vacuna. Este es un momento oportuno para demostrar la responsabilidad y el compromiso con la vida&#8221;, cerr\u00f3.<\/p>\n","protected":false},"excerpt":{"rendered":"<p>&#8220;En tiempos en los que se est\u00e1 trabajando para retomar la presencialidad en las escuelas tenemos que ser a\u00fan m\u00e1s insistentes con la transmisi\u00f3n de las medidas de cuidado a nuestros ni\u00f1os, ni\u00f1as y adolescentes&#8221;, dijo el gobernador &nbsp; &nbsp; En la v\u00edspera, durante una videoconferencia, el presidente Alberto Fern\u00e1ndez analiz\u00f3 con los gobernadores la situaci\u00f3n epidemiol\u00f3gica de cada distrito. Al respecto, el mandatario entrerriano, Gustavo Bordet, valor\u00f3 que &#8220;contar con este tipo de instancias de trabajo es un aliciente que nos permite compartir informaci\u00f3n sobre la realidad de la&#8230;<\/p>\n","protected":false},"author":3,"featured_media":68066,"comment_status":"closed","ping_status":"closed","sticky":false,"template":"","format":"standard","meta":[],"categories":[9],"tags":[],"_links":{"self":[{"href":"https:\/\/www.actualidadadiario.com\/index.php\/wp-json\/wp\/v2\/posts\/68065"}],"collection":[{"href":"https:\/\/www.actualidadadiario.com\/index.php\/wp-json\/wp\/v2\/posts"}],"about":[{"href":"https:\/\/www.actualidadadiario.com\/index.php\/wp-json\/wp\/v2\/types\/post"}],"author":[{"embeddable":true,"href":"https:\/\/www.actualidadadiario.com\/index.php\/wp-json\/wp\/v2\/users\/3"}],"replies":[{"embeddable":true,"href":"https:\/\/www.actualidadadiario.com\/index.php\/wp-json\/wp\/v2\/comments?post=68065"}],"version-history":[{"count":1,"href":"https:\/\/www.actualidadadiario.com\/index.php\/wp-json\/wp\/v2\/posts\/68065\/revisions"}],"predecessor-version":[{"id":68067,"href":"https:\/\/www.actualidadadiario.com\/index.php\/wp-json\/wp\/v2\/posts\/68065\/revisions\/68067"}],"wp:featuredmedia":[{"embeddable":true,"href":"https:\/\/www.actualidadadiario.com\/index.php\/wp-json\/wp\/v2\/media\/68066"}],"wp:attachment":[{"href":"https:\/\/www.actualidadadiario.com\/index.php\/wp-json\/wp\/v2\/media?parent=68065"}],"wp:term":[{"taxonomy":"category","embeddable":true,"href":"https:\/\/www.actualidadadiario.com\/index.php\/wp-json\/wp\/v2\/categories?post=68065"},{"taxonomy":"post_tag","embeddable":true,"href":"https:\/\/www.actualidadadiario.com\/index.php\/wp-json\/wp\/v2\/tags?post=68065"}],"curies":[{"name":"wp","href":"https:\/\/api.w.org\/{rel}","templated":true}]}}