{"id":68062,"date":"2020-10-09T12:02:16","date_gmt":"2020-10-09T15:02:16","guid":{"rendered":"https:\/\/www.actualidadadiario.com\/?p=68062"},"modified":"2020-10-09T12:02:16","modified_gmt":"2020-10-09T15:02:16","slug":"bordet-acordo-con-cafiero-extender-la-fibra-optica-en-entre-rios","status":"publish","type":"post","link":"https:\/\/www.actualidadadiario.com\/index.php\/2020\/10\/09\/bordet-acordo-con-cafiero-extender-la-fibra-optica-en-entre-rios\/","title":{"rendered":"Bordet acord\u00f3 con Cafiero extender la fibra \u00f3ptica en Entre R\u00edos"},"content":{"rendered":"<p style=\"text-align: center;\"><em><strong>\u201cEs un paso hacia el futuro que garantiza la conectividad de muchos pueblos y familias, sobre todo en las zonas rurales de Entre R\u00edos\u201d, afirm\u00f3 el gobernador Gustavo Bordet luego de reunirse con el Jefe de Gabinete, Santiago Cafiero y, por videoconferencia, con el titular de Arsat, N\u00e9stor Tognetti<\/strong><\/em><\/p>\n<p>&nbsp;<\/p>\n<p>A trav\u00e9s del convenio, la provincia se incorpora Plan Nacional Conectar y a la Red Federal de Fibra \u00d3ptica (Refefo), al mismo tiempo que ARSAT accede a la infraestructura de fibra \u00f3ptica provincial tendida sobre las redes el\u00e9ctricas de alta y media tensi\u00f3n.<\/p>\n<p>\u201cValoramos mucho la firma de este convenio porque nos habilita a comenzar a trabajar inmediatamente en la mejora de la conectividad de la provincia a trav\u00e9s de ARSAT\u201d, agreg\u00f3 y subray\u00f3 que esta herramienta posibilitar\u00e1 que \u201cmuchos estudiantes puedan acceder a los contenidos educativos en todos los niveles desde sus hogares\u201d.<\/p>\n<p>Acompa\u00f1ado por el senador Nacional, Edgardo Kueider, Bordet puso de relieve que Entre R\u00edos \u201ctiene una distribuci\u00f3n demogr\u00e1fica muy equitativa\u201d, y sostuvo que la infraestructura en telecomunicaciones \u201cincrementa la conectividad que necesitamos\u201d, y provee \u201clas garant\u00edas necesarias y suficientes para que la ruralidad tenga acceso a una mejor calidad de vida como cualquier centro urbano poblado\u201d.<\/p>\n<p>En esa l\u00ednea, record\u00f3 que la provincia todav\u00eda cuenta con zonas en las que \u201cno hay acceso a internet\u201d, e indic\u00f3 que \u201cla pandemia ha desnudado justamente esos problemas de comunicaci\u00f3n\u201d. No obstante, \u201ceste convenio con ARSAT va a posibilitar que toda la provincia est\u00e9 instant\u00e1neamente conectada con el mundo a trav\u00e9s de banda ancha de internet\u201d, remarc\u00f3.<\/p>\n<p>Por \u00faltimo, el mandatario provincial sostuvo que la conectividad y la infraestructura en telecomunicaciones representa uno de los ejes estrat\u00e9gicos para el desarrollo entrerriano, y resalt\u00f3 que \u201clo venimos trabajando con el gobierno nacional\u201d, as\u00ed como tambi\u00e9n avanzamos en \u201cpol\u00edticas p\u00fablicas que propenden al desarrollo econ\u00f3mico, productivo y humano\u201d.<\/p>\n<p>Por su parte, Cafiero sostuvo que \u201chay que pensar en las zonas rurales, en la conectividad y la ruralidad. Ya no s\u00f3lo como una forma de que llegue informaci\u00f3n, como canal, sino tambi\u00e9n como una herramienta para vincularse en el trabajo y en la educaci\u00f3n, en la cultura\u201d. \u201cLa pandemia dej\u00f3 al desnudo esta necesidad y la Argentina tiene que avanzar en el proceso de dar mayor y mejor conectividad en todo su territorio\u201d, a\u00f1adi\u00f3.<\/p>\n<p>\u201cSignifica tambi\u00e9n una posibilidad de ir encontrando distintos modos de aplicar pol\u00edtica p\u00fablica para mejorar y coordinar con las provincias\u201d, enfatiz\u00f3 el Jefe de Gabinete.<\/p>\n<p>En el marco del plan Conectar 2020-2023, el convenio firmado hoy por el gobernador Gustavo Bordet, el Jefe de Gabinete de la Naci\u00f3n, Santiago Cafiero, y el titular de Arsat, N\u00e9stor Tognetti, Provincia y Naci\u00f3n buscar\u00e1n promover el acceso de todo el territorio entrerriano a la red federal de fibra \u00f3ptica.<\/p>\n<p>El uso compartido de infraestructura f\u00edsica de telecomunicaciones contribuir\u00e1 a reducir la brecha digital y mejorar los servicios en \u00e1reas claves del Estado provincial, municipios y del sector privado. Entre R\u00edos es la tercera provincia del pa\u00eds en firmar este acuerdo.<\/p>\n<p>Con la entrada en vigencia del convenio la provincia trabajar\u00e1 junto a Arsat en torno a 1) la red federal de fibra \u00f3ptica y servicios, soluciones, equipamiento y mantenimiento de telecomunicaciones; 2) servicios satelitales; 3) centros de datos; 4) software; y 5) servicios t\u00e9cnico &#8211; profesionales.<\/p>\n<p>A su vez, se facilitar\u00e1 la concreci\u00f3n de la conectividad de los puertos, parques industriales, emprendimientos productivos, escuelas e instituciones de salud de las zonas rurales de la provincia.<\/p>\n<p>Asimismo, en cuanto a los servicios satelitales, el convenio marco suscripto este jueves permitir\u00e1 llevar internet a las zonas de islas, donde no se puede llegar mediante el cableado. Tambi\u00e9n, a trav\u00e9s del data center de Arsat, se podr\u00e1 brindar alojamiento a los sistemas inform\u00e1ticos y resguardo a la informaci\u00f3n de los municipios entrerrianos.<\/p>\n<p>Participaron de la actividad la secretaria de Innovaci\u00f3n P\u00fablica de Naci\u00f3n, Micaela S\u00e1nchez Malcolm y, por videoconferencia, la subsecretaria de Modernizaci\u00f3n de la provincia, Lucrecia Escand\u00f3n y el director de Arsat, Marcelo Tesoro.<\/p>\n<p>&nbsp;<\/p>\n<p><strong>Red de fibra \u00f3ptica<\/strong><\/p>\n<p>Entre R\u00edos cuenta actualmente con 2900 kil\u00f3metros de fibra \u00f3ptica. 2500 son parte de la red federal de Arsat, que cuenta con 133 shelters para la distribuci\u00f3n mayorista, tanto para las instituciones de gobierno como para los prestadores privados de telecomunicaciones. Los restantes 400 kil\u00f3metros se corresponden con fibra desarrollada por Enersa, que llegar\u00e1 a 750 km con la obra del cierre norte.<\/p>\n","protected":false},"excerpt":{"rendered":"<p>\u201cEs un paso hacia el futuro que garantiza la conectividad de muchos pueblos y familias, sobre todo en las zonas rurales de Entre R\u00edos\u201d, afirm\u00f3 el gobernador Gustavo Bordet luego de reunirse con el Jefe de Gabinete, Santiago Cafiero y, por videoconferencia, con el titular de Arsat, N\u00e9stor Tognetti &nbsp; A trav\u00e9s del convenio, la provincia se incorpora Plan Nacional Conectar y a la Red Federal de Fibra \u00d3ptica (Refefo), al mismo tiempo que ARSAT accede a la infraestructura de fibra \u00f3ptica provincial tendida sobre las redes el\u00e9ctricas de alta&#8230;<\/p>\n","protected":false},"author":3,"featured_media":68063,"comment_status":"closed","ping_status":"closed","sticky":false,"template":"","format":"standard","meta":[],"categories":[9],"tags":[],"_links":{"self":[{"href":"https:\/\/www.actualidadadiario.com\/index.php\/wp-json\/wp\/v2\/posts\/68062"}],"collection":[{"href":"https:\/\/www.actualidadadiario.com\/index.php\/wp-json\/wp\/v2\/posts"}],"about":[{"href":"https:\/\/www.actualidadadiario.com\/index.php\/wp-json\/wp\/v2\/types\/post"}],"author":[{"embeddable":true,"href":"https:\/\/www.actualidadadiario.com\/index.php\/wp-json\/wp\/v2\/users\/3"}],"replies":[{"embeddable":true,"href":"https:\/\/www.actualidadadiario.com\/index.php\/wp-json\/wp\/v2\/comments?post=68062"}],"version-history":[{"count":1,"href":"https:\/\/www.actualidadadiario.com\/index.php\/wp-json\/wp\/v2\/posts\/68062\/revisions"}],"predecessor-version":[{"id":68064,"href":"https:\/\/www.actualidadadiario.com\/index.php\/wp-json\/wp\/v2\/posts\/68062\/revisions\/68064"}],"wp:featuredmedia":[{"embeddable":true,"href":"https:\/\/www.actualidadadiario.com\/index.php\/wp-json\/wp\/v2\/media\/68063"}],"wp:attachment":[{"href":"https:\/\/www.actualidadadiario.com\/index.php\/wp-json\/wp\/v2\/media?parent=68062"}],"wp:term":[{"taxonomy":"category","embeddable":true,"href":"https:\/\/www.actualidadadiario.com\/index.php\/wp-json\/wp\/v2\/categories?post=68062"},{"taxonomy":"post_tag","embeddable":true,"href":"https:\/\/www.actualidadadiario.com\/index.php\/wp-json\/wp\/v2\/tags?post=68062"}],"curies":[{"name":"wp","href":"https:\/\/api.w.org\/{rel}","templated":true}]}}