{"id":68044,"date":"2020-10-08T12:19:51","date_gmt":"2020-10-08T15:19:51","guid":{"rendered":"https:\/\/www.actualidadadiario.com\/?p=68044"},"modified":"2020-10-08T12:19:51","modified_gmt":"2020-10-08T15:19:51","slug":"advierten-que-115-millones-de-personas-pueden-caer-este-ano-en-la-pobreza-extrema-a-nivel-global","status":"publish","type":"post","link":"https:\/\/www.actualidadadiario.com\/index.php\/2020\/10\/08\/advierten-que-115-millones-de-personas-pueden-caer-este-ano-en-la-pobreza-extrema-a-nivel-global\/","title":{"rendered":"Advierten que 115 millones de personas pueden caer este a\u00f1o en la pobreza extrema a nivel global"},"content":{"rendered":"<p style=\"text-align: center;\"><em><strong>Se prev\u00e9 que el aumento de la pobreza extrema de 2019 a 2020 ser\u00e1 \u201cel m\u00e1s importante de todo el per\u00edodo desde que el Banco Mundial comenz\u00f3 a hacer un seguimiento a nivel mundial de forma sistem\u00e1tica\u201d<\/strong><\/em><\/p>\n<p>&nbsp;<\/p>\n<p>&nbsp;<\/p>\n<p>El Banco Mundial advirti\u00f3 que empeoraron sus perspectivas sobre el efecto de la pandemia y estim\u00f3 que entre 88 y 115 millones de personas a nivel global pueden caer en la pobreza extrema en 2020 por la crisis inducida por la Covid-19.<\/p>\n<p>&#8220;Se prev\u00e9 que en 2020 la pobreza extrema mundial aumentar\u00e1 por primera vez en m\u00e1s de 20 a\u00f1os, como resultado de las perturbaciones ocasionadas por la pandemia de Covid-19&#8243;, se\u00f1alaron los economistas del Banco con sede en Washington.<\/p>\n<p>\u201cDurante casi 25\u202fa\u00f1os, la pobreza extrema se mantuvo en una tendencia decreciente\u201d y ahora, \u201cpor primera vez en el transcurso de una generaci\u00f3n, la misi\u00f3n de poner fin a la pobreza sufre su peor rev\u00e9s&#8221;, consider\u00f3 el organismo.<\/p>\n<p>Esto se debe principalmente a los serios desaf\u00edos -conflictos y cambio clim\u00e1tico, adem\u00e1s de la pandemia- que enfrentan todos los pa\u00edses, pero particularmente aquellos con una numerosa poblaci\u00f3n pobre.<\/p>\n<p>Se prev\u00e9 que el aumento de la pobreza extrema de 2019 a 2020 ser\u00e1 \u201cel m\u00e1s importante de todo el per\u00edodo desde que el Banco Mundial comenz\u00f3 a hacer un seguimiento a nivel mundial de forma sistem\u00e1tica\u201d.<\/p>\n<p>El informe Pobreza y prosperidad compartida 2020: Un cambio de suerte, publicado en su p\u00e1gina de Internet, analiza nuevas ideas sobre los factores que ponen en peligro la reducci\u00f3n de la pobreza y ofrece recomendaciones para atravesar este terreno delicado.<\/p>\n<p>El n\u00famero de personas extremadamente pobres disminuy\u00f3 marcadamente, de 1.900 millones de personas en 1990\u202fa 689\u202fmillones en 2017; es decir, en promedio, un\u202fpunto porcentual al a\u00f1o entre 1990\u202fy 2015, \u201cpero esta tasa baj\u00f3 a menos de medio punto porcentual por a\u00f1o entre 2015\u202fy 2017\u201d.<\/p>\n<p>Adem\u00e1s del impacto de los conflictos violentos, el Banco Mundial resalta que el cambio clim\u00e1tico \u201ccontin\u00faa siendo una amenaza que se intensificar\u00e1 en los pr\u00f3ximos a\u00f1os\u201d y empujar\u00e1 a entre 68\u202fmillones y 135\u202fmillones de personas a la pobreza hacia 2030.<\/p>\n<p>El organismo alert\u00f3, en este contexto, que los grupos que tienen menos influencia en una comunidad podr\u00edan no llegar a tener acceso a servicios b\u00e1sicos.<\/p>\n<p>Propuso en este sentido \u201campliar el aprendizaje y mejorar los datos\u201d, \u201cinvertir en preparaci\u00f3n y prevenci\u00f3n\u201d, \u201campliar la cooperaci\u00f3n y la coordinaci\u00f3n\u201d, y \u201cdedicar constante atenci\u00f3n al programa de desarrollo en curso, que implica promover el crecimiento inclusivo, invertir en el capital humano y en activos productivos y protegerlos, si es que los pa\u00edses quieren sostener la reducci\u00f3n de la pobreza\u201d.<\/p>\n","protected":false},"excerpt":{"rendered":"<p>Se prev\u00e9 que el aumento de la pobreza extrema de 2019 a 2020 ser\u00e1 \u201cel m\u00e1s importante de todo el per\u00edodo desde que el Banco Mundial comenz\u00f3 a hacer un seguimiento a nivel mundial de forma sistem\u00e1tica\u201d &nbsp; &nbsp; El Banco Mundial advirti\u00f3 que empeoraron sus perspectivas sobre el efecto de la pandemia y estim\u00f3 que entre 88 y 115 millones de personas a nivel global pueden caer en la pobreza extrema en 2020 por la crisis inducida por la Covid-19. &#8220;Se prev\u00e9 que en 2020 la pobreza extrema mundial&#8230;<\/p>\n","protected":false},"author":3,"featured_media":51253,"comment_status":"closed","ping_status":"closed","sticky":false,"template":"","format":"standard","meta":[],"categories":[4],"tags":[],"_links":{"self":[{"href":"https:\/\/www.actualidadadiario.com\/index.php\/wp-json\/wp\/v2\/posts\/68044"}],"collection":[{"href":"https:\/\/www.actualidadadiario.com\/index.php\/wp-json\/wp\/v2\/posts"}],"about":[{"href":"https:\/\/www.actualidadadiario.com\/index.php\/wp-json\/wp\/v2\/types\/post"}],"author":[{"embeddable":true,"href":"https:\/\/www.actualidadadiario.com\/index.php\/wp-json\/wp\/v2\/users\/3"}],"replies":[{"embeddable":true,"href":"https:\/\/www.actualidadadiario.com\/index.php\/wp-json\/wp\/v2\/comments?post=68044"}],"version-history":[{"count":1,"href":"https:\/\/www.actualidadadiario.com\/index.php\/wp-json\/wp\/v2\/posts\/68044\/revisions"}],"predecessor-version":[{"id":68045,"href":"https:\/\/www.actualidadadiario.com\/index.php\/wp-json\/wp\/v2\/posts\/68044\/revisions\/68045"}],"wp:featuredmedia":[{"embeddable":true,"href":"https:\/\/www.actualidadadiario.com\/index.php\/wp-json\/wp\/v2\/media\/51253"}],"wp:attachment":[{"href":"https:\/\/www.actualidadadiario.com\/index.php\/wp-json\/wp\/v2\/media?parent=68044"}],"wp:term":[{"taxonomy":"category","embeddable":true,"href":"https:\/\/www.actualidadadiario.com\/index.php\/wp-json\/wp\/v2\/categories?post=68044"},{"taxonomy":"post_tag","embeddable":true,"href":"https:\/\/www.actualidadadiario.com\/index.php\/wp-json\/wp\/v2\/tags?post=68044"}],"curies":[{"name":"wp","href":"https:\/\/api.w.org\/{rel}","templated":true}]}}