{"id":67988,"date":"2020-10-08T11:58:20","date_gmt":"2020-10-08T14:58:20","guid":{"rendered":"https:\/\/www.actualidadadiario.com\/?p=67988"},"modified":"2020-10-08T11:58:20","modified_gmt":"2020-10-08T14:58:20","slug":"el-viceintendente-de-chajari-dio-positivo-para-covid-19","status":"publish","type":"post","link":"https:\/\/www.actualidadadiario.com\/index.php\/2020\/10\/08\/el-viceintendente-de-chajari-dio-positivo-para-covid-19\/","title":{"rendered":"El Viceintendente de Chajar\u00ed dio positivo para Covid-19"},"content":{"rendered":"<p style=\"text-align: center;\"><em><strong>Marcelo Borghesan dio positivo tras realizarse el hisopado. Permanece en aislamiento preventivo, con s\u00edntomas leves, desde el 30 de septiembre pasado y, desde este domingo, tambi\u00e9n hizo lo propio su familia<\/strong><\/em><\/p>\n<p>&nbsp;<\/p>\n<p>En la tarde de este mi\u00e9rcoles, se confirm\u00f3 que el Vicepresidente Municipal de Chajar\u00ed, Marcelo Borghesan, dio positivo para Coronavirus.<\/p>\n<p>El an\u00e1lisis se realiz\u00f3 en un laboratorio privado de la ciudad de Chajar\u00ed y tras conocer la novedad Borghesan expres\u00f3 estar bien y con fuerzas para afrontar la situaci\u00f3n.<\/p>\n<p>El Viceintendente de la ciudad permanece en aislamiento preventivo, con s\u00edntomas leves, desde el 30 de septiembre pasado y, desde este domingo, tambi\u00e9n hizo lo propio su familia.<\/p>\n","protected":false},"excerpt":{"rendered":"<p>Marcelo Borghesan dio positivo tras realizarse el hisopado. Permanece en aislamiento preventivo, con s\u00edntomas leves, desde el 30 de septiembre pasado y, desde este domingo, tambi\u00e9n hizo lo propio su familia &nbsp; En la tarde de este mi\u00e9rcoles, se confirm\u00f3 que el Vicepresidente Municipal de Chajar\u00ed, Marcelo Borghesan, dio positivo para Coronavirus. El an\u00e1lisis se realiz\u00f3 en un laboratorio privado de la ciudad de Chajar\u00ed y tras conocer la novedad Borghesan expres\u00f3 estar bien y con fuerzas para afrontar la situaci\u00f3n. El Viceintendente de la ciudad permanece en aislamiento preventivo,&#8230;<\/p>\n","protected":false},"author":3,"featured_media":67989,"comment_status":"closed","ping_status":"closed","sticky":false,"template":"","format":"standard","meta":[],"categories":[15],"tags":[],"_links":{"self":[{"href":"https:\/\/www.actualidadadiario.com\/index.php\/wp-json\/wp\/v2\/posts\/67988"}],"collection":[{"href":"https:\/\/www.actualidadadiario.com\/index.php\/wp-json\/wp\/v2\/posts"}],"about":[{"href":"https:\/\/www.actualidadadiario.com\/index.php\/wp-json\/wp\/v2\/types\/post"}],"author":[{"embeddable":true,"href":"https:\/\/www.actualidadadiario.com\/index.php\/wp-json\/wp\/v2\/users\/3"}],"replies":[{"embeddable":true,"href":"https:\/\/www.actualidadadiario.com\/index.php\/wp-json\/wp\/v2\/comments?post=67988"}],"version-history":[{"count":1,"href":"https:\/\/www.actualidadadiario.com\/index.php\/wp-json\/wp\/v2\/posts\/67988\/revisions"}],"predecessor-version":[{"id":67990,"href":"https:\/\/www.actualidadadiario.com\/index.php\/wp-json\/wp\/v2\/posts\/67988\/revisions\/67990"}],"wp:featuredmedia":[{"embeddable":true,"href":"https:\/\/www.actualidadadiario.com\/index.php\/wp-json\/wp\/v2\/media\/67989"}],"wp:attachment":[{"href":"https:\/\/www.actualidadadiario.com\/index.php\/wp-json\/wp\/v2\/media?parent=67988"}],"wp:term":[{"taxonomy":"category","embeddable":true,"href":"https:\/\/www.actualidadadiario.com\/index.php\/wp-json\/wp\/v2\/categories?post=67988"},{"taxonomy":"post_tag","embeddable":true,"href":"https:\/\/www.actualidadadiario.com\/index.php\/wp-json\/wp\/v2\/tags?post=67988"}],"curies":[{"name":"wp","href":"https:\/\/api.w.org\/{rel}","templated":true}]}}