{"id":67985,"date":"2020-10-08T11:57:21","date_gmt":"2020-10-08T14:57:21","guid":{"rendered":"https:\/\/www.actualidadadiario.com\/?p=67985"},"modified":"2020-10-08T11:57:34","modified_gmt":"2020-10-08T14:57:34","slug":"se-registraron-127-nuevos-casos-de-covid-19-en-la-provincia","status":"publish","type":"post","link":"https:\/\/www.actualidadadiario.com\/index.php\/2020\/10\/08\/se-registraron-127-nuevos-casos-de-covid-19-en-la-provincia\/","title":{"rendered":"Se registraron 127 nuevos casos de Covid-19 en la provincia"},"content":{"rendered":"<p style=\"text-align: center;\"><em><strong>El reporte epidemiol\u00f3gico de este jueves marca que en Entre R\u00edos se registraron 127 nuevos casos de Coronavirus. Paran\u00e1 con 45, Gualeguaych\u00fa y Federaci\u00f3n con 17 son los departamentos que m\u00e1s casos tuvieron. El total provincial es de 8673<\/strong><\/em><\/p>\n<p>&nbsp;<\/p>\n<p>&nbsp;<\/p>\n<p>El \u00e1rea de Vigilancia Epidemiol\u00f3gica, confirm\u00f3 que este mi\u00e9rcoles en Entre R\u00edos se registraron 127 nuevos casos de coronavirus, que se distribuyen departamentalmente de la siguiente manera:<\/p>\n<p>Paran\u00e1: 45<\/p>\n<p>Gualeguaych\u00fa: 17<\/p>\n<p>Federaci\u00f3n: 17<\/p>\n<p>Uruguay: 13<\/p>\n<p>Gualeguay: 11<\/p>\n<p>Diamante: 9<\/p>\n<p>Tala: 5<\/p>\n<p>Concordia: 4<\/p>\n<p>La Paz: 3<\/p>\n<p>Victoria: 2<\/p>\n<p>Villaguay: 1<\/p>\n<p>De ese modo, en la provincia son 8.673 los casos confirmados.<\/p>\n","protected":false},"excerpt":{"rendered":"<p>El reporte epidemiol\u00f3gico de este jueves marca que en Entre R\u00edos se registraron 127 nuevos casos de Coronavirus. Paran\u00e1 con 45, Gualeguaych\u00fa y Federaci\u00f3n con 17 son los departamentos que m\u00e1s casos tuvieron. El total provincial es de 8673 &nbsp; &nbsp; El \u00e1rea de Vigilancia Epidemiol\u00f3gica, confirm\u00f3 que este mi\u00e9rcoles en Entre R\u00edos se registraron 127 nuevos casos de coronavirus, que se distribuyen departamentalmente de la siguiente manera: Paran\u00e1: 45 Gualeguaych\u00fa: 17 Federaci\u00f3n: 17 Uruguay: 13 Gualeguay: 11 Diamante: 9 Tala: 5 Concordia: 4 La Paz: 3 Victoria: 2 Villaguay:&#8230;<\/p>\n","protected":false},"author":3,"featured_media":67986,"comment_status":"closed","ping_status":"closed","sticky":false,"template":"","format":"standard","meta":[],"categories":[15],"tags":[],"_links":{"self":[{"href":"https:\/\/www.actualidadadiario.com\/index.php\/wp-json\/wp\/v2\/posts\/67985"}],"collection":[{"href":"https:\/\/www.actualidadadiario.com\/index.php\/wp-json\/wp\/v2\/posts"}],"about":[{"href":"https:\/\/www.actualidadadiario.com\/index.php\/wp-json\/wp\/v2\/types\/post"}],"author":[{"embeddable":true,"href":"https:\/\/www.actualidadadiario.com\/index.php\/wp-json\/wp\/v2\/users\/3"}],"replies":[{"embeddable":true,"href":"https:\/\/www.actualidadadiario.com\/index.php\/wp-json\/wp\/v2\/comments?post=67985"}],"version-history":[{"count":1,"href":"https:\/\/www.actualidadadiario.com\/index.php\/wp-json\/wp\/v2\/posts\/67985\/revisions"}],"predecessor-version":[{"id":67987,"href":"https:\/\/www.actualidadadiario.com\/index.php\/wp-json\/wp\/v2\/posts\/67985\/revisions\/67987"}],"wp:featuredmedia":[{"embeddable":true,"href":"https:\/\/www.actualidadadiario.com\/index.php\/wp-json\/wp\/v2\/media\/67986"}],"wp:attachment":[{"href":"https:\/\/www.actualidadadiario.com\/index.php\/wp-json\/wp\/v2\/media?parent=67985"}],"wp:term":[{"taxonomy":"category","embeddable":true,"href":"https:\/\/www.actualidadadiario.com\/index.php\/wp-json\/wp\/v2\/categories?post=67985"},{"taxonomy":"post_tag","embeddable":true,"href":"https:\/\/www.actualidadadiario.com\/index.php\/wp-json\/wp\/v2\/tags?post=67985"}],"curies":[{"name":"wp","href":"https:\/\/api.w.org\/{rel}","templated":true}]}}