{"id":67983,"date":"2020-10-08T11:55:51","date_gmt":"2020-10-08T14:55:51","guid":{"rendered":"https:\/\/www.actualidadadiario.com\/?p=67983"},"modified":"2020-10-08T11:55:51","modified_gmt":"2020-10-08T14:55:51","slug":"bordet-valoro-la-sancion-de-la-prorroga-de-la-emergencia-para-el-sector-citricola","status":"publish","type":"post","link":"https:\/\/www.actualidadadiario.com\/index.php\/2020\/10\/08\/bordet-valoro-la-sancion-de-la-prorroga-de-la-emergencia-para-el-sector-citricola\/","title":{"rendered":"Bordet valor\u00f3 la sanci\u00f3n de la pr\u00f3rroga de la emergencia para el sector citr\u00edcola"},"content":{"rendered":"<p style=\"text-align: center;\"><em><strong>La C\u00e1mara de Diputados de la Naci\u00f3n aprob\u00f3 la Ley impulsada por el gobernador Gustavo Bordet que prorroga por el t\u00e9rmino de un a\u00f1o la emergencia econ\u00f3mica, productiva, financiera y social en el sector citr\u00edcola \u00b7 El mandatario entrerriano valor\u00f3 la decisi\u00f3n de la C\u00e1mara Baja<\/strong><\/em><\/p>\n<p>&nbsp;<\/p>\n<p>Bordet fue uno de los impulsores de la iniciativa y lo expres\u00f3 en una nota dirigida al presidente de la C\u00e1mara de Diputados nacional, Sergio Massa, a quien le transmiti\u00f3 su \u201capoyo y acompa\u00f1amiento\u201d y tambi\u00e9n el del sector citr\u00edcola entrerriano para el tratamiento de la iniciativa que se aprob\u00f3 este mi\u00e9rcoles.<\/p>\n<p>\u201cValoramos la decisi\u00f3n de los y las diputados y diputadas de la Naci\u00f3n de dar tratamiento y aprobar esta norma tan necesaria en el contexto actual para la citricultura y las miles de personas que trabajan directa e indirectamente en ella\u201d, sostuvo el mandatario al conocer la noticia.<\/p>\n<p>Adem\u00e1s resalt\u00f3 que \u201cdesde el gobierno de Entre R\u00edos mantenemos un acompa\u00f1amiento permanente a nuestros productores y a las econom\u00edas regionales en particular, como la citricultura, porque estamos convencidos que son sectores estrat\u00e9gicos para el desarrollo econ\u00f3mico, social y para la integraci\u00f3n de nuestra provincia\u201d.<\/p>\n<p>En ese sentido, el mandatario entrerriano puso de relieve \u201cel consenso logrado por esta iniciativa en el \u00e1mbito del Congreso\u201d y agradeci\u00f3 el apoyo del presidente de la C\u00e1mara de Diputados, Sergio Massa, los y las legisladores y legisladoras de todos los bloques, y en especial a los y las representantes de nuestra provincia\u201d.<\/p>\n<p>En la misiva enviada por el gobernador al presidente de la C\u00e1mara Bajada para promover el tratamiento del proyecto, se\u00f1al\u00f3 que \u201cconsideramos que se trata de una norma clave, no solo para el desarrollo de la citricultura en el contexto actual, sino tambi\u00e9n, y de manera especial, para el sector exportador que se desenvuelve dentro del terreno de la formalidad, dando trabajo a miles de personas de manera directa e indirecta, movilizando la econom\u00eda regional y generando divisas en el intercambio de productos\u201d.<\/p>\n<p>Asimismo, se\u00f1al\u00f3 que \u201cel escenario actual es muy complejo, tal vez peor que el que justific\u00f3 la aprobaci\u00f3n de la emergencia en 2019, no s\u00f3lo por el contexto de la pandemia, sino tambi\u00e9n por cuestiones de \u00edndole clim\u00e1ticas que afectan la producci\u00f3n citr\u00edcola, reduci\u00e9ndola en porcentajes, cierre de mercados (Europeo), o ralentizaci\u00f3n de los mismos por cuestiones de \u00edndole interno, suba de costos que impactan disminuyendo las superficies destinadas a la actividad, entre otras\u201d.<\/p>\n","protected":false},"excerpt":{"rendered":"<p>La C\u00e1mara de Diputados de la Naci\u00f3n aprob\u00f3 la Ley impulsada por el gobernador Gustavo Bordet que prorroga por el t\u00e9rmino de un a\u00f1o la emergencia econ\u00f3mica, productiva, financiera y social en el sector citr\u00edcola \u00b7 El mandatario entrerriano valor\u00f3 la decisi\u00f3n de la C\u00e1mara Baja &nbsp; Bordet fue uno de los impulsores de la iniciativa y lo expres\u00f3 en una nota dirigida al presidente de la C\u00e1mara de Diputados nacional, Sergio Massa, a quien le transmiti\u00f3 su \u201capoyo y acompa\u00f1amiento\u201d y tambi\u00e9n el del sector citr\u00edcola entrerriano para el&#8230;<\/p>\n","protected":false},"author":3,"featured_media":62165,"comment_status":"closed","ping_status":"closed","sticky":false,"template":"","format":"standard","meta":[],"categories":[9],"tags":[],"_links":{"self":[{"href":"https:\/\/www.actualidadadiario.com\/index.php\/wp-json\/wp\/v2\/posts\/67983"}],"collection":[{"href":"https:\/\/www.actualidadadiario.com\/index.php\/wp-json\/wp\/v2\/posts"}],"about":[{"href":"https:\/\/www.actualidadadiario.com\/index.php\/wp-json\/wp\/v2\/types\/post"}],"author":[{"embeddable":true,"href":"https:\/\/www.actualidadadiario.com\/index.php\/wp-json\/wp\/v2\/users\/3"}],"replies":[{"embeddable":true,"href":"https:\/\/www.actualidadadiario.com\/index.php\/wp-json\/wp\/v2\/comments?post=67983"}],"version-history":[{"count":1,"href":"https:\/\/www.actualidadadiario.com\/index.php\/wp-json\/wp\/v2\/posts\/67983\/revisions"}],"predecessor-version":[{"id":67984,"href":"https:\/\/www.actualidadadiario.com\/index.php\/wp-json\/wp\/v2\/posts\/67983\/revisions\/67984"}],"wp:featuredmedia":[{"embeddable":true,"href":"https:\/\/www.actualidadadiario.com\/index.php\/wp-json\/wp\/v2\/media\/62165"}],"wp:attachment":[{"href":"https:\/\/www.actualidadadiario.com\/index.php\/wp-json\/wp\/v2\/media?parent=67983"}],"wp:term":[{"taxonomy":"category","embeddable":true,"href":"https:\/\/www.actualidadadiario.com\/index.php\/wp-json\/wp\/v2\/categories?post=67983"},{"taxonomy":"post_tag","embeddable":true,"href":"https:\/\/www.actualidadadiario.com\/index.php\/wp-json\/wp\/v2\/tags?post=67983"}],"curies":[{"name":"wp","href":"https:\/\/api.w.org\/{rel}","templated":true}]}}