{"id":67965,"date":"2020-10-07T12:48:30","date_gmt":"2020-10-07T15:48:30","guid":{"rendered":"https:\/\/www.actualidadadiario.com\/?p=67965"},"modified":"2020-10-07T12:48:30","modified_gmt":"2020-10-07T15:48:30","slug":"europa-suma-medidas-contra-el-covid-19-y-la-oms-propone-un-mecanismo-contra-futuras-pandemias","status":"publish","type":"post","link":"https:\/\/www.actualidadadiario.com\/index.php\/2020\/10\/07\/europa-suma-medidas-contra-el-covid-19-y-la-oms-propone-un-mecanismo-contra-futuras-pandemias\/","title":{"rendered":"Europa suma medidas contra el covid-19 y la OMS propone un mecanismo contra futuras pandemias"},"content":{"rendered":"<p style=\"text-align: center;\"><em><strong>Pa\u00edses europeos aplicaron nuevas restricciones ante una segunda ola de contagios, mientras la organizaci\u00f3n dijo que se necesita una nueva f\u00f3rmula para evitar la falta de reacci\u00f3n inicial ocurrida frente a la Covid-19<\/strong><\/em><\/p>\n<p>&nbsp;<\/p>\n<p>&nbsp;<\/p>\n<p>Pa\u00edses de Europa aplicaron hoy nuevas restricciones ante una segunda ola de coronavirus, mientras la Organizaci\u00f3n Mundial de la Salud (OMS) dijo que se necesita un nuevo mecanismo para instar al mundo a actuar ante futuras pandemias y evitar la falta de reacci\u00f3n inicial ocurrida frente a la Covid-19.<\/p>\n<p>La emergencia internacional lanzada el 30 de enero por una enfermedad denominada entonces coronavirus de Wuhan &#8220;no motiv\u00f3 a los pa\u00edses a poner en marcha medidas de salud p\u00fablica para la Covid-19&#8221;, declar\u00f3 la doctora brit\u00e1nica Felicity Harvey al presentar los resultados preliminares de un estudio sobre los primeros cuatro meses del brote.<\/p>\n<p>Ante ello, el organismo de salud de la ONU se plante\u00f3 dudas sobre si es suficiente este tipo de declaraciones de emergencia o hay que usar nuevas f\u00f3rmulas, subray\u00f3 la responsable del Comit\u00e9 Independiente de Asesoramiento del Programa de Emergencias.<\/p>\n<p>Si bien el informe, que ser\u00e1 actualizado en noviembre, concluy\u00f3 que la OMS &#8220;mostr\u00f3 liderazgo e hizo importantes progresos en la respuesta a la pandemia&#8221;, consider\u00f3 tambi\u00e9n que la politizaci\u00f3n del brote en muchos casos &#8220;es un obst\u00e1culo material para vencer al virus&#8221;.<\/p>\n<p>Con respecto a la lucha actual contra la Covid-19, el director general de la OMS, Tedros Adhanom Ghebreyesus, expres\u00f3 su esperanza en lograr una vacuna para fines de este a\u00f1o, pese a que expertos del organismo se\u00f1alaron con anterioridad que quiz\u00e1 habr\u00e1 que esperar hasta mediados de 2021.<\/p>\n<p>&#8220;Necesitamos vacunas y hay esperanzas de que a fines de este a\u00f1o podamos tener una. Invertir en ellas mientras usamos las herramientas que tenemos ya a mano es importante para tener mejores resultados&#8221;, se\u00f1al\u00f3 Tedros citado por la agencia de noticias EFE.<\/p>\n<p>En ese sentido, China -epicentro original de la enfermedad- pidi\u00f3 hoy un \u201cdebate preliminar\u201d con el organismo para que \u00e9ste autorice las vacunas desarrolladas en el gigante asi\u00e1tico y pueda dar luz verde m\u00e1s adelante a que se usen en otros pa\u00edses.<\/p>\n<p>\u201cA trav\u00e9s de este mecanismo, se podr\u00eda facilitar la valoraci\u00f3n de la calidad, la seguridad y la eficacia de estas vacunas que podr\u00edan estar disponibles para que las autoriz\u00e1semos en otros pa\u00edses\u201d, explic\u00f3 la coordinadora de medicinas esenciales de la OMS en la regi\u00f3n del Pac\u00edfico Occidental, Socorro Escalante.<\/p>\n<p>China cuenta con cinco posibles vacunas contra la Covid-19 en la \u00faltima fase de pruebas cl\u00ednicas: cuatro son desarrolladas \u00edntegramente por compa\u00f1\u00edas nacionales y la quinta es una colaboraci\u00f3n entre la china Fosun, la alemana Biontech y la estadounidense Pfizer.<\/p>\n<p>En tanto, la segunda ola de la pandemia sigue avanzando con fuerza en Europa, donde numerosos pa\u00edses sumaron restricciones para frenar su propagaci\u00f3n.<\/p>\n<p>En Italia, el Gobierno impondr\u00e1 desde esta semana la obligatoriedad de usar tapabocas al aire libre en todo el pa\u00eds, al extender el decreto de medidas para detener la difusi\u00f3n del coronavirus en lo que considera una &#8220;batalla no ganada a\u00fan&#8221; contra la pandemia.<\/p>\n<p>Tambi\u00e9n el Vaticano dispuso desde este martes la obligatoriedad de usar cubrebocas en lugares abiertos y en todas las zonas de trabajo en las que el distanciamiento &#8220;no pueda ser garantizado&#8221;.<\/p>\n<p>Mientras, en Espa\u00f1a, tras el cierre parcial de Madrid, el viernes pasado, otras tres ciudades comenzaron hoy a imitar a la capital con una medida similar para contener el avance del brote.<\/p>\n<p>Se trata de Le\u00f3n, Palencia y San Andr\u00e9s de Rabanedo, ciudades que tienen 125.000, 79.000 y 30.000 habitantes, respectivamente, y cuyos cierres parciales se extender\u00e1n durante al menos dos semanas, al igual que Madrid y nueve municipios de su periferia.<\/p>\n<p>La situaci\u00f3n tambi\u00e9n se ha deteriorado en las \u00faltimas semanas en Rusia, donde hoy el alcalde de Mosc\u00fa, Serguei Sobianin, advirti\u00f3 que el n\u00famero de casos en la capital se acerca a un nuevo pico con m\u00e1s de 1.000 hospitalizados diarios y anunci\u00f3 nuevas restricciones, como la obligaci\u00f3n a las empresas de tener un 30% de empleados en teletrabajo, tras lamentar que la gente no cumpla las vigentes.<\/p>\n<p>Las autoridades sanitarias rusas informaron hoy de 11.615 casos en las \u00faltimas 24 horas en todo el pa\u00eds, cifra que no se alcanzaba desde mayo pasado, a lo que hay que sumar 188 decesos.<\/p>\n<p>Ante el deterioro de la situaci\u00f3n en Europa, la oficina local de la OMS inst\u00f3 a los Gobiernos del continente a luchar contra el cansancio cada vez mayor de la poblaci\u00f3n frente a las restricciones impuestas.<\/p>\n<p>&#8220;Tenemos que responder a nuestras necesidades con medios nuevos e innovadores. Seamos creativos y valientes para conseguirlo&#8221;, inst\u00f3 en un comunicado el director de la OMS para Europa, Hans Kluge.<\/p>\n<p>La zona Europa de la OMS, que incluye 53 pa\u00edses, entre ellos Rusia, cuenta con m\u00e1s de 6,2 millones de casos oficiales y cerca de 241.000 muertos por el nuevo coronavirus, seg\u00fan datos de la organizaci\u00f3n.<\/p>\n<p>Mientras, en Estados Unidos, el pa\u00eds m\u00e1s afectado por el brote con casi 7,5 millones de contagios y m\u00e1s de 210.000 muertos, el presidente Donald Trump volvi\u00f3 hoy a restarle importancia al coronavirus al afirmar que es &#8220;bastante menos letal&#8221; que la gripe, mientras los m\u00e9dicos contin\u00faan monitoreado su estado de salud tras dar positivo el viernes y pasar el fin de semana internado.<\/p>\n","protected":false},"excerpt":{"rendered":"<p>Pa\u00edses europeos aplicaron nuevas restricciones ante una segunda ola de contagios, mientras la organizaci\u00f3n dijo que se necesita una nueva f\u00f3rmula para evitar la falta de reacci\u00f3n inicial ocurrida frente a la Covid-19 &nbsp; &nbsp; Pa\u00edses de Europa aplicaron hoy nuevas restricciones ante una segunda ola de coronavirus, mientras la Organizaci\u00f3n Mundial de la Salud (OMS) dijo que se necesita un nuevo mecanismo para instar al mundo a actuar ante futuras pandemias y evitar la falta de reacci\u00f3n inicial ocurrida frente a la Covid-19. La emergencia internacional lanzada el 30&#8230;<\/p>\n","protected":false},"author":3,"featured_media":67966,"comment_status":"closed","ping_status":"closed","sticky":false,"template":"","format":"standard","meta":[],"categories":[4],"tags":[],"_links":{"self":[{"href":"https:\/\/www.actualidadadiario.com\/index.php\/wp-json\/wp\/v2\/posts\/67965"}],"collection":[{"href":"https:\/\/www.actualidadadiario.com\/index.php\/wp-json\/wp\/v2\/posts"}],"about":[{"href":"https:\/\/www.actualidadadiario.com\/index.php\/wp-json\/wp\/v2\/types\/post"}],"author":[{"embeddable":true,"href":"https:\/\/www.actualidadadiario.com\/index.php\/wp-json\/wp\/v2\/users\/3"}],"replies":[{"embeddable":true,"href":"https:\/\/www.actualidadadiario.com\/index.php\/wp-json\/wp\/v2\/comments?post=67965"}],"version-history":[{"count":1,"href":"https:\/\/www.actualidadadiario.com\/index.php\/wp-json\/wp\/v2\/posts\/67965\/revisions"}],"predecessor-version":[{"id":67967,"href":"https:\/\/www.actualidadadiario.com\/index.php\/wp-json\/wp\/v2\/posts\/67965\/revisions\/67967"}],"wp:featuredmedia":[{"embeddable":true,"href":"https:\/\/www.actualidadadiario.com\/index.php\/wp-json\/wp\/v2\/media\/67966"}],"wp:attachment":[{"href":"https:\/\/www.actualidadadiario.com\/index.php\/wp-json\/wp\/v2\/media?parent=67965"}],"wp:term":[{"taxonomy":"category","embeddable":true,"href":"https:\/\/www.actualidadadiario.com\/index.php\/wp-json\/wp\/v2\/categories?post=67965"},{"taxonomy":"post_tag","embeddable":true,"href":"https:\/\/www.actualidadadiario.com\/index.php\/wp-json\/wp\/v2\/tags?post=67965"}],"curies":[{"name":"wp","href":"https:\/\/api.w.org\/{rel}","templated":true}]}}