{"id":67961,"date":"2020-10-07T12:47:18","date_gmt":"2020-10-07T15:47:18","guid":{"rendered":"https:\/\/www.actualidadadiario.com\/?p=67961"},"modified":"2020-10-07T12:47:18","modified_gmt":"2020-10-07T15:47:18","slug":"alberto-encabezara-hoy-el-acto-de-presentacion-del-fondo-nacional-de-defensa","status":"publish","type":"post","link":"https:\/\/www.actualidadadiario.com\/index.php\/2020\/10\/07\/alberto-encabezara-hoy-el-acto-de-presentacion-del-fondo-nacional-de-defensa\/","title":{"rendered":"Alberto encabezar\u00e1 hoy el acto de presentaci\u00f3n del Fondo Nacional de Defensa"},"content":{"rendered":"<p style=\"text-align: center;\"><em><strong>Del acto, que se anuncia para las 15:00, tambi\u00e9n participar\u00e1 el ministro de Defensa, Agust\u00edn Rossi<\/strong><\/em><\/p>\n<p>&nbsp;<\/p>\n<p>&nbsp;<\/p>\n<p>El presidente Alberto Fern\u00e1ndez encabezar\u00e1 hoy el acto de presentaci\u00f3n oficial del Fondo Nacional de Defensa (FONDEF) en las instalaciones del Astillero Tandanor.<\/p>\n<p>As\u00ed lo indicaron fuentes oficiales, que precisaron que la actividad est\u00e1 prevista para las 15.00 y contar\u00e1 con la participaci\u00f3n del ministro de Defensa, Agust\u00edn Rossi.<\/p>\n<p>El presidente acudir\u00e1 a las instalaciones del astillero, donde brindar\u00e1 precisiones acerca del alcance que tendr\u00e1 el FONDEF.<\/p>\n<p>El pasado 1 de octubre, el Ejecutivo promulg\u00f3 la Ley 27.565 a trav\u00e9s del Decreto 782\/2020, publicado en el Bolet\u00edn Oficial, que cre\u00f3 el Fondo Nacional de la Defensa para financiar el proceso de reequipamiento de las Fuerzas Armadas.<\/p>\n<p>&#8220;Por primera vez Argentina contar\u00e1 con un Fondo de financiamiento espec\u00edfico para la recuperaci\u00f3n, modernizaci\u00f3n y\/o incorporaci\u00f3n de material para el reequipamiento de las Fuerzas Armadas que, al mismo tiempo, potenciar\u00e1 el desarrollo de la industria nacional para la defensa&#8221;, precis\u00f3 el Ministerio de Defensa.<\/p>\n","protected":false},"excerpt":{"rendered":"<p>Del acto, que se anuncia para las 15:00, tambi\u00e9n participar\u00e1 el ministro de Defensa, Agust\u00edn Rossi &nbsp; &nbsp; El presidente Alberto Fern\u00e1ndez encabezar\u00e1 hoy el acto de presentaci\u00f3n oficial del Fondo Nacional de Defensa (FONDEF) en las instalaciones del Astillero Tandanor. As\u00ed lo indicaron fuentes oficiales, que precisaron que la actividad est\u00e1 prevista para las 15.00 y contar\u00e1 con la participaci\u00f3n del ministro de Defensa, Agust\u00edn Rossi. El presidente acudir\u00e1 a las instalaciones del astillero, donde brindar\u00e1 precisiones acerca del alcance que tendr\u00e1 el FONDEF. El pasado 1 de octubre,&#8230;<\/p>\n","protected":false},"author":3,"featured_media":67962,"comment_status":"closed","ping_status":"closed","sticky":false,"template":"","format":"standard","meta":[],"categories":[18],"tags":[],"_links":{"self":[{"href":"https:\/\/www.actualidadadiario.com\/index.php\/wp-json\/wp\/v2\/posts\/67961"}],"collection":[{"href":"https:\/\/www.actualidadadiario.com\/index.php\/wp-json\/wp\/v2\/posts"}],"about":[{"href":"https:\/\/www.actualidadadiario.com\/index.php\/wp-json\/wp\/v2\/types\/post"}],"author":[{"embeddable":true,"href":"https:\/\/www.actualidadadiario.com\/index.php\/wp-json\/wp\/v2\/users\/3"}],"replies":[{"embeddable":true,"href":"https:\/\/www.actualidadadiario.com\/index.php\/wp-json\/wp\/v2\/comments?post=67961"}],"version-history":[{"count":2,"href":"https:\/\/www.actualidadadiario.com\/index.php\/wp-json\/wp\/v2\/posts\/67961\/revisions"}],"predecessor-version":[{"id":67964,"href":"https:\/\/www.actualidadadiario.com\/index.php\/wp-json\/wp\/v2\/posts\/67961\/revisions\/67964"}],"wp:featuredmedia":[{"embeddable":true,"href":"https:\/\/www.actualidadadiario.com\/index.php\/wp-json\/wp\/v2\/media\/67962"}],"wp:attachment":[{"href":"https:\/\/www.actualidadadiario.com\/index.php\/wp-json\/wp\/v2\/media?parent=67961"}],"wp:term":[{"taxonomy":"category","embeddable":true,"href":"https:\/\/www.actualidadadiario.com\/index.php\/wp-json\/wp\/v2\/categories?post=67961"},{"taxonomy":"post_tag","embeddable":true,"href":"https:\/\/www.actualidadadiario.com\/index.php\/wp-json\/wp\/v2\/tags?post=67961"}],"curies":[{"name":"wp","href":"https:\/\/api.w.org\/{rel}","templated":true}]}}