{"id":67886,"date":"2020-10-06T12:32:34","date_gmt":"2020-10-06T15:32:34","guid":{"rendered":"https:\/\/www.actualidadadiario.com\/?p=67886"},"modified":"2020-10-06T12:32:34","modified_gmt":"2020-10-06T15:32:34","slug":"argentina-apoyara-el-informe-de-la-onu-sobre-venezuela","status":"publish","type":"post","link":"https:\/\/www.actualidadadiario.com\/index.php\/2020\/10\/06\/argentina-apoyara-el-informe-de-la-onu-sobre-venezuela\/","title":{"rendered":"Argentina apoyar\u00e1 el informe de la ONU sobre Venezuela"},"content":{"rendered":"<p style=\"text-align: center;\"><em><strong>Canciller\u00eda insta al gobierno de Nicol\u00e1s Maduro a &#8220;cooperar plenamente con el Consejo y todos sus mecanismos, y a implementar las recomendaciones hechas por la Alta Comisionada en sus informes&#8221;. El documento advierte por &#8220;violaciones a los derechos humanos&#8221;<\/strong><\/em><\/p>\n<p>&nbsp;<\/p>\n<p>&nbsp;<\/p>\n<p>Argentina oficializar\u00e1 este martes su respaldo al informe realizado por la Alta Comisionada de las Naciones Unidas, Michelle Bachelet sobre Venezuela, en el que se denuncian violaciones de los derechos humanos en el pa\u00eds caribe\u00f1o. En tanto, el presidente Alberto Fern\u00e1ndez conden\u00f3 los bloqueos y sanciones.<\/p>\n<p>&#8220;Nuestro pa\u00eds mantendr\u00e1 su liderazgo en la defensa global de los derechos humanos y sostendr\u00e1 los principios de paz y resoluci\u00f3n pol\u00edtica de la crisis venezolana. Asimismo, valorar\u00e1 y apoyar\u00e1 con fuerza el trabajo realizado por la Alta Comisionada de las Naciones Unidas Michelle Bachelet&#8221;, se\u00f1ala el comunicado de la Canciller\u00eda argentina.<\/p>\n<p>El documento que anticipa la posici\u00f3n que adoptar\u00e1n los representantes argentinos en Ginebra, insta adem\u00e1s a que el gobierno de la Rep\u00fablica Bolivariana de Venezuela &#8220;coopere plenamente con el Consejo y todos sus mecanismos&#8221;, al igual que &#8220;a implementar \u00edntegramente las recomendaciones hechas por la Alta Comisionada en sus informes&#8221;.<\/p>\n<p>Tambi\u00e9n se hace un especial \u00e9nfasis en el llamado a realizar &#8220;investigaciones prontas, exhaustivas, independientes, imparciales y transparentes sobre las alegaciones de violaciones a los derechos humanos, lleve a los perpetradores ante la justicia y garantice una reparaci\u00f3n adecuada a las v\u00edctimas&#8221;.<\/p>\n<p>&#8220;La Rep\u00fablica Argentina destacar\u00e1 a trav\u00e9s de sus representantes en el Consejo, la necesidad de reforzar la instalaci\u00f3n de una misi\u00f3n permanente de la Alta Comisionada en Caracas, dotada de los recursos humanos y de los elementos que le permitan desplegar una acci\u00f3n remedial frente a dichas circunstancias y contribuir a encaminar soluciones apropiadas, liderando actuaciones complementarias que pueda estimar convenientes para tal prop\u00f3sito&#8221;, ampl\u00eda la cartera conducida por el ministro Felipe Sol\u00e1.<\/p>\n<p>De esta forma, el pa\u00eds adherir\u00e1 al cumplimiento con la hoja de ruta convenida en la Carta de Entendimiento firmada por la Alta Comisionada y el gobierno venezolano, mientras que advierte que son las autoridades venezolanas &#8220;las responsables de respetar sus obligaciones internacionales de derechos humanos, as\u00ed como de garantizar la paz social y la estabilidad pol\u00edtica, lo cual resulta a\u00fan m\u00e1s necesario cuando se encara un proceso electoral&#8221;.<\/p>\n<p>Por \u00faltimo, se remarca la condena a los bloqueos y sanciones por los que atraviesa el gobierno de Nicol\u00e1s Maduro: &#8220;el presidente Fern\u00e1ndez (Alberto) sostuvo una vez m\u00e1s que deben condenarse los bloqueos y las sanciones que, pretendiendo presionar a las autoridades, agreden especialmente al pueblo venezolano y contribuyen a un sufrimiento a\u00fan mayor del mismo, dada la grave situaci\u00f3n econ\u00f3mica y social en la que se encuentra&#8221;, sentencia el texto de Canciller\u00eda.<\/p>\n<p>Este martes se inician las deliberaciones de los Estados miembros del Consejo de Derechos Humanos de las Naciones Unidas para definir sobre la continuidad de la Misi\u00f3n Internacional Independiente de Determinaci\u00f3n de los Hechos sobre Venezuela.<\/p>\n","protected":false},"excerpt":{"rendered":"<p>Canciller\u00eda insta al gobierno de Nicol\u00e1s Maduro a &#8220;cooperar plenamente con el Consejo y todos sus mecanismos, y a implementar las recomendaciones hechas por la Alta Comisionada en sus informes&#8221;. El documento advierte por &#8220;violaciones a los derechos humanos&#8221; &nbsp; &nbsp; Argentina oficializar\u00e1 este martes su respaldo al informe realizado por la Alta Comisionada de las Naciones Unidas, Michelle Bachelet sobre Venezuela, en el que se denuncian violaciones de los derechos humanos en el pa\u00eds caribe\u00f1o. En tanto, el presidente Alberto Fern\u00e1ndez conden\u00f3 los bloqueos y sanciones. &#8220;Nuestro pa\u00eds mantendr\u00e1&#8230;<\/p>\n","protected":false},"author":3,"featured_media":67887,"comment_status":"closed","ping_status":"closed","sticky":false,"template":"","format":"standard","meta":[],"categories":[18],"tags":[],"_links":{"self":[{"href":"https:\/\/www.actualidadadiario.com\/index.php\/wp-json\/wp\/v2\/posts\/67886"}],"collection":[{"href":"https:\/\/www.actualidadadiario.com\/index.php\/wp-json\/wp\/v2\/posts"}],"about":[{"href":"https:\/\/www.actualidadadiario.com\/index.php\/wp-json\/wp\/v2\/types\/post"}],"author":[{"embeddable":true,"href":"https:\/\/www.actualidadadiario.com\/index.php\/wp-json\/wp\/v2\/users\/3"}],"replies":[{"embeddable":true,"href":"https:\/\/www.actualidadadiario.com\/index.php\/wp-json\/wp\/v2\/comments?post=67886"}],"version-history":[{"count":1,"href":"https:\/\/www.actualidadadiario.com\/index.php\/wp-json\/wp\/v2\/posts\/67886\/revisions"}],"predecessor-version":[{"id":67888,"href":"https:\/\/www.actualidadadiario.com\/index.php\/wp-json\/wp\/v2\/posts\/67886\/revisions\/67888"}],"wp:featuredmedia":[{"embeddable":true,"href":"https:\/\/www.actualidadadiario.com\/index.php\/wp-json\/wp\/v2\/media\/67887"}],"wp:attachment":[{"href":"https:\/\/www.actualidadadiario.com\/index.php\/wp-json\/wp\/v2\/media?parent=67886"}],"wp:term":[{"taxonomy":"category","embeddable":true,"href":"https:\/\/www.actualidadadiario.com\/index.php\/wp-json\/wp\/v2\/categories?post=67886"},{"taxonomy":"post_tag","embeddable":true,"href":"https:\/\/www.actualidadadiario.com\/index.php\/wp-json\/wp\/v2\/tags?post=67886"}],"curies":[{"name":"wp","href":"https:\/\/api.w.org\/{rel}","templated":true}]}}