{"id":67884,"date":"2020-10-06T12:31:55","date_gmt":"2020-10-06T15:31:55","guid":{"rendered":"https:\/\/www.actualidadadiario.com\/?p=67884"},"modified":"2020-10-06T12:31:55","modified_gmt":"2020-10-06T15:31:55","slug":"guzman-apuesta-al-respaldo-colectivo-para-iniciar-la-negociacion-con-el-fmi","status":"publish","type":"post","link":"https:\/\/www.actualidadadiario.com\/index.php\/2020\/10\/06\/guzman-apuesta-al-respaldo-colectivo-para-iniciar-la-negociacion-con-el-fmi\/","title":{"rendered":"Guzm\u00e1n apuesta al &#8220;respaldo colectivo&#8221; para iniciar la negociaci\u00f3n con el FMI"},"content":{"rendered":"<p style=\"text-align: center;\"><em><strong>El ministro de Econom\u00eda, Mart\u00edn Guzm\u00e1n, enfatiz\u00f3 en que el Gobierno &#8220;busca crear un programa que le sirva a toda la Argentina&#8221; y record\u00f3 el acuerdo con los acreedores privados<\/strong><\/em><\/p>\n<p>&nbsp;<\/p>\n<p>&nbsp;<\/p>\n<p>En la antesala de una nueva misi\u00f3n del Fondo Monetario Internacional (FMI), el ministro de Econom\u00eda, Mart\u00edn Guzm\u00e1n, destac\u00f3 el di\u00e1logo con las c\u00e1maras empresarias, sindicatos y organizaciones sociales: &#8220;Establecer un sendero de crecimiento inclusivo es una tarea de todas y todos&#8221;, puntualiz\u00f3.<\/p>\n<p>&#8220;El di\u00e1logo con c\u00e1maras empresarias, sindicatos y organizaciones sociales es la base de la construcci\u00f3n de los acuerdos que Argentina necesita para estabilizar la econom\u00eda. El programa al que apuntamos con el FMI tambi\u00e9n debe tener la legitimidad del respaldo colectivo&#8221;, enfatiz\u00f3 el funcionario en redes sociales, luego de la reuni\u00f3n que mantuvo el gabinete econ\u00f3mico en Casa Rosada con los representantes patronales y de las centrales obreras para reflotar el Consejo Econ\u00f3mico.<\/p>\n<p>Previo al desembarco de la delegaci\u00f3n presencial enviada desde Washington, el titular de la cartera econ\u00f3mica volvi\u00f3 a remarcar el sendero por el cual el Gobierno intentar\u00e1 trazar las negociaciones con la entidad crediticia.<\/p>\n<p>&#8220;Queremos un programa que le sirva a toda la Argentina. Que est\u00e9 alineado con los objetivos de crear trabajo, reducir la inflaci\u00f3n y generar un ambiente propicio para la inversi\u00f3n privada&#8221;, detall\u00f3 Guzm\u00e1n en redes sociales.<\/p>\n<p>Adem\u00e1s, equipar\u00f3 la instancia de negociaci\u00f3n que mantuvo el pa\u00eds con los acreedores privados en el proceso de reestructuraci\u00f3n de deuda por USDD66.137 millones<\/p>\n<p>&#8220;Tal como lo hicimos en la reestructuraci\u00f3n con acreedores privados, las negociaciones con el FMI las haremos de frente a la sociedad, involucrando a todos los sectores de la econom\u00eda. Establecer un sendero de crecimiento inclusivo es una tarea de todas y todos&#8221;, asegur\u00f3 el funcionario nacional.<\/p>\n","protected":false},"excerpt":{"rendered":"<p>El ministro de Econom\u00eda, Mart\u00edn Guzm\u00e1n, enfatiz\u00f3 en que el Gobierno &#8220;busca crear un programa que le sirva a toda la Argentina&#8221; y record\u00f3 el acuerdo con los acreedores privados &nbsp; &nbsp; En la antesala de una nueva misi\u00f3n del Fondo Monetario Internacional (FMI), el ministro de Econom\u00eda, Mart\u00edn Guzm\u00e1n, destac\u00f3 el di\u00e1logo con las c\u00e1maras empresarias, sindicatos y organizaciones sociales: &#8220;Establecer un sendero de crecimiento inclusivo es una tarea de todas y todos&#8221;, puntualiz\u00f3. &#8220;El di\u00e1logo con c\u00e1maras empresarias, sindicatos y organizaciones sociales es la base de la construcci\u00f3n&#8230;<\/p>\n","protected":false},"author":3,"featured_media":67739,"comment_status":"closed","ping_status":"closed","sticky":false,"template":"","format":"standard","meta":[],"categories":[18],"tags":[],"_links":{"self":[{"href":"https:\/\/www.actualidadadiario.com\/index.php\/wp-json\/wp\/v2\/posts\/67884"}],"collection":[{"href":"https:\/\/www.actualidadadiario.com\/index.php\/wp-json\/wp\/v2\/posts"}],"about":[{"href":"https:\/\/www.actualidadadiario.com\/index.php\/wp-json\/wp\/v2\/types\/post"}],"author":[{"embeddable":true,"href":"https:\/\/www.actualidadadiario.com\/index.php\/wp-json\/wp\/v2\/users\/3"}],"replies":[{"embeddable":true,"href":"https:\/\/www.actualidadadiario.com\/index.php\/wp-json\/wp\/v2\/comments?post=67884"}],"version-history":[{"count":1,"href":"https:\/\/www.actualidadadiario.com\/index.php\/wp-json\/wp\/v2\/posts\/67884\/revisions"}],"predecessor-version":[{"id":67885,"href":"https:\/\/www.actualidadadiario.com\/index.php\/wp-json\/wp\/v2\/posts\/67884\/revisions\/67885"}],"wp:featuredmedia":[{"embeddable":true,"href":"https:\/\/www.actualidadadiario.com\/index.php\/wp-json\/wp\/v2\/media\/67739"}],"wp:attachment":[{"href":"https:\/\/www.actualidadadiario.com\/index.php\/wp-json\/wp\/v2\/media?parent=67884"}],"wp:term":[{"taxonomy":"category","embeddable":true,"href":"https:\/\/www.actualidadadiario.com\/index.php\/wp-json\/wp\/v2\/categories?post=67884"},{"taxonomy":"post_tag","embeddable":true,"href":"https:\/\/www.actualidadadiario.com\/index.php\/wp-json\/wp\/v2\/tags?post=67884"}],"curies":[{"name":"wp","href":"https:\/\/api.w.org\/{rel}","templated":true}]}}