{"id":67833,"date":"2020-10-06T12:13:20","date_gmt":"2020-10-06T15:13:20","guid":{"rendered":"https:\/\/www.actualidadadiario.com\/?p=67833"},"modified":"2020-10-06T12:13:20","modified_gmt":"2020-10-06T15:13:20","slug":"diputados-trataron-el-proyecto-de-ley-sobre-la-disolucion-y-liquidacion-de-laer","status":"publish","type":"post","link":"https:\/\/www.actualidadadiario.com\/index.php\/2020\/10\/06\/diputados-trataron-el-proyecto-de-ley-sobre-la-disolucion-y-liquidacion-de-laer\/","title":{"rendered":"Diputados trataron el proyecto de ley sobre la disoluci\u00f3n y liquidaci\u00f3n de LAER"},"content":{"rendered":"<p style=\"text-align: center;\"><em><strong>La Comisi\u00f3n de Comunicaciones y Transporte se reuni\u00f3 este lunes junto a la Comisi\u00f3n de Hacienda, Presupuesto y Cuentas para abordar el proyecto de Ley venido del Poder Ejecutivo que autoriza la disoluci\u00f3n y liquidaci\u00f3n de la empresa L\u00edneas A\u00e9reas Entre R\u00edos Sociedad del Estado. La ministra de Gobierno y Justicia, Rosario Romero, particip\u00f3 del encuentro<\/strong><\/em><\/p>\n<p>&nbsp;<\/p>\n<p>&nbsp;<\/p>\n<p>Este lunes se realiz\u00f3 de manera virtual una reuni\u00f3n conjunta entre la Comisi\u00f3n de Comunicaciones y Transporte, la cual preside el diputado Uriel Brupbacher (Bloque Uni\u00f3n C\u00edvica Radical) y la Comisi\u00f3n de Hacienda, Presupuesto y Cuentas, presidida por la diputada Mar\u00eda del Carmen Toller (Bloque Frente Justicialista CREER Entre R\u00edos).<\/p>\n<p>Con el fin de dar tratamiento al proyecto de Ley enviado por el Poder Ejecutivo que autoriza la disoluci\u00f3n y liquidaci\u00f3n de la Empresa L\u00edneas A\u00e9reas Entre R\u00edos Sociedad del Estado (LAERSE), las comisiones convocaron a la ministra de Gobierno y Justicia de la provincia, Rosario Romero, a exponer la iniciativa presentada.<\/p>\n<p>La ministra Romero expres\u00f3 que \u201csi bien la Laerse tuvo su tiempo de esplendor, ha habido vaivenes. Desde 2014 no tiene aviones ni ruta a\u00e9rea. Sostener la Sociedad del Estado exige una determinada cantidad de movimientos administrativos que tampoco significan una oportunidad de poder volar en los pr\u00f3ximos a\u00f1os\u201d.<\/p>\n<p>\u201cSi la Ley lo habilita, hoy Laerse est\u00e1 en condiciones de encaminarse en un proceso de liquidaci\u00f3n, lo cual es una decisi\u00f3n sensata, ya que desde lo comercial es m\u00e1s conveniente que m\u00e1s empresas lleguen a Paran\u00e1, trabajando con toda la regi\u00f3n metropolitana y procurando que los servicios no solo se brinden hacia Buenos Aires, sino tambi\u00e9n hacia otros puntos\u201d, afirm\u00f3 la Ministra de Gobierno y Justicia, y sugiri\u00f3 definir un plazo para concretar la licitaci\u00f3n.<\/p>\n<p>Adem\u00e1s, Romero destac\u00f3 que la situaci\u00f3n del personal de la empresa est\u00e1 resuelta \u201cya que fueron redistribuidos, simplemente se dejar\u00e1 sin vigencia una persona jur\u00eddica que desde hace a\u00f1os no funciona\u201d.<\/p>\n<p>La reuni\u00f3n conjunta de la Comisi\u00f3n de Comunicaciones y Transporte y de Hacienda, Presupuesto y Cuentas, presidida por el diputado Brupbacher y la diputada Toller, cont\u00f3 con la participaci\u00f3n de la diputada Silvia del Carmen Moreno y de los diputados Jos\u00e9 C\u00e1ceres, Sergio Castrill\u00f3n, Gustavo Cusinato, N\u00e9stor Loggio, Esteban Vitor y Gustavo Zavallo.<\/p>\n<p>&nbsp;<\/p>\n<p><strong>Comisi\u00f3n de Salud P\u00fablica<\/strong><\/p>\n<p>Posteriormente, la Comisi\u00f3n de Salud P\u00fablica, presidida por el diputado Jorge C\u00e1ceres (Bloque Frente Justicialista Creer Entre R\u00edos), se reuni\u00f3 para tratar el proyecto de Ley venido en revisi\u00f3n que establece la adhesi\u00f3n a la Ley Nacional 27.548 (conocida como Ley Silvio), la cual crea el Programa de Protecci\u00f3n al Personal de Salud ante la pandemia del Covid-19.<\/p>\n<p>Adem\u00e1s, las y los integrantes trabajaron sobre un proyecto de Ley venido en revisi\u00f3n que impulsa la creaci\u00f3n en el \u00e1mbito de la provincia de Entre R\u00edos del Sistema de Banco de Plasma de pacientes recuperados de Covid-19 para ser utilizado en tratamiento de pacientes activos infectados, seg\u00fan indicaci\u00f3n m\u00e9dica fundamentada.<\/p>\n<p>Sobre el cierre de la reuni\u00f3n, diputadas y diputados coincidieron en subir ambos proyectos a la plataforma virtual para obtener los dict\u00e1menes.<\/p>\n<p>De la Comisi\u00f3n de Salud P\u00fablica, presidida por el diputado Jorge C\u00e1ceres, participaron las diputadas Carina Ramos, Gracia Jaroslavsky, Silvia del Carmen Moreno, Mar\u00eda del Carmen Toller, Sara Foletto y Luc\u00eda Varisco, y el diputado Mariano Rebord.<\/p>\n","protected":false},"excerpt":{"rendered":"<p>La Comisi\u00f3n de Comunicaciones y Transporte se reuni\u00f3 este lunes junto a la Comisi\u00f3n de Hacienda, Presupuesto y Cuentas para abordar el proyecto de Ley venido del Poder Ejecutivo que autoriza la disoluci\u00f3n y liquidaci\u00f3n de la empresa L\u00edneas A\u00e9reas Entre R\u00edos Sociedad del Estado. La ministra de Gobierno y Justicia, Rosario Romero, particip\u00f3 del encuentro &nbsp; &nbsp; Este lunes se realiz\u00f3 de manera virtual una reuni\u00f3n conjunta entre la Comisi\u00f3n de Comunicaciones y Transporte, la cual preside el diputado Uriel Brupbacher (Bloque Uni\u00f3n C\u00edvica Radical) y la Comisi\u00f3n de&#8230;<\/p>\n","protected":false},"author":3,"featured_media":67834,"comment_status":"closed","ping_status":"closed","sticky":false,"template":"","format":"standard","meta":[],"categories":[15],"tags":[],"_links":{"self":[{"href":"https:\/\/www.actualidadadiario.com\/index.php\/wp-json\/wp\/v2\/posts\/67833"}],"collection":[{"href":"https:\/\/www.actualidadadiario.com\/index.php\/wp-json\/wp\/v2\/posts"}],"about":[{"href":"https:\/\/www.actualidadadiario.com\/index.php\/wp-json\/wp\/v2\/types\/post"}],"author":[{"embeddable":true,"href":"https:\/\/www.actualidadadiario.com\/index.php\/wp-json\/wp\/v2\/users\/3"}],"replies":[{"embeddable":true,"href":"https:\/\/www.actualidadadiario.com\/index.php\/wp-json\/wp\/v2\/comments?post=67833"}],"version-history":[{"count":1,"href":"https:\/\/www.actualidadadiario.com\/index.php\/wp-json\/wp\/v2\/posts\/67833\/revisions"}],"predecessor-version":[{"id":67835,"href":"https:\/\/www.actualidadadiario.com\/index.php\/wp-json\/wp\/v2\/posts\/67833\/revisions\/67835"}],"wp:featuredmedia":[{"embeddable":true,"href":"https:\/\/www.actualidadadiario.com\/index.php\/wp-json\/wp\/v2\/media\/67834"}],"wp:attachment":[{"href":"https:\/\/www.actualidadadiario.com\/index.php\/wp-json\/wp\/v2\/media?parent=67833"}],"wp:term":[{"taxonomy":"category","embeddable":true,"href":"https:\/\/www.actualidadadiario.com\/index.php\/wp-json\/wp\/v2\/categories?post=67833"},{"taxonomy":"post_tag","embeddable":true,"href":"https:\/\/www.actualidadadiario.com\/index.php\/wp-json\/wp\/v2\/tags?post=67833"}],"curies":[{"name":"wp","href":"https:\/\/api.w.org\/{rel}","templated":true}]}}