{"id":67830,"date":"2020-10-02T13:21:38","date_gmt":"2020-10-02T16:21:38","guid":{"rendered":"https:\/\/www.actualidadadiario.com\/?p=67830"},"modified":"2020-10-02T13:21:38","modified_gmt":"2020-10-02T16:21:38","slug":"dia-internacional-de-la-no-violencia-en-homenaje-a-mahatma-ghandi","status":"publish","type":"post","link":"https:\/\/www.actualidadadiario.com\/index.php\/2020\/10\/02\/dia-internacional-de-la-no-violencia-en-homenaje-a-mahatma-ghandi\/","title":{"rendered":"D\u00eda Internacional de la No Violencia, en homenaje a Mahatma Ghandi"},"content":{"rendered":"<p style=\"text-align: center;\"><em><strong>En honor al l\u00edder pacifista indio Mahatma Gandhi, la Asamblea General de las Naciones Unidas estableci\u00f3 el 2 de octubre, fecha de su nacimiento, como el D\u00eda Internacional de la No Violencia reafirmando &#8220;la relevancia universal&#8221; de ese principio<\/strong><\/em><\/p>\n<p>&nbsp;<\/p>\n<p>&nbsp;<\/p>\n<p>El 15 de junio de 2007, la Asamblea General de las Naciones Unidas decidi\u00f3 fijar el D\u00eda Internacional de la No Violencia el 2 de octubre de cada a\u00f1o, con el fin de &#8220;difundir el mensaje de la no violencia, incluso a trav\u00e9s de la educaci\u00f3n y la conciencia p\u00fablica&#8221;, reafirmando &#8220;la relevancia universal del principio de no violencia&#8221; y el deseo de &#8220;asegurar una cultura de paz, tolerancia, comprensi\u00f3n y no violencia&#8221;.<\/p>\n<p>Se eligi\u00f3 el 2 de octubre debido a que ese d\u00eda de 1869 naci\u00f3 Mahatma Gandhi, l\u00edder del movimiento de la Independencia de la India y pionero de la filosof\u00eda de la no violencia.<\/p>\n<p>&nbsp;<\/p>\n<p><strong>Gandhi y la No Violencia<\/strong><\/p>\n<p>El activismo pac\u00edfico promueve la rebeli\u00f3n civil no violenta que consist\u00eda en llevar a cabo t\u00e1cticas de protesta basadas en la desobediencia civil para intentar lograr un cambio pol\u00edtico, social y cultural, sin tener que emplear la agresividad. Entre las armas de no violencia m\u00e1s utilizadas por Gandhi, se encontraban las huelgas de hambre.<\/p>\n","protected":false},"excerpt":{"rendered":"<p>En honor al l\u00edder pacifista indio Mahatma Gandhi, la Asamblea General de las Naciones Unidas estableci\u00f3 el 2 de octubre, fecha de su nacimiento, como el D\u00eda Internacional de la No Violencia reafirmando &#8220;la relevancia universal&#8221; de ese principio &nbsp; &nbsp; El 15 de junio de 2007, la Asamblea General de las Naciones Unidas decidi\u00f3 fijar el D\u00eda Internacional de la No Violencia el 2 de octubre de cada a\u00f1o, con el fin de &#8220;difundir el mensaje de la no violencia, incluso a trav\u00e9s de la educaci\u00f3n y la conciencia&#8230;<\/p>\n","protected":false},"author":3,"featured_media":67831,"comment_status":"closed","ping_status":"closed","sticky":false,"template":"","format":"standard","meta":[],"categories":[4],"tags":[],"_links":{"self":[{"href":"https:\/\/www.actualidadadiario.com\/index.php\/wp-json\/wp\/v2\/posts\/67830"}],"collection":[{"href":"https:\/\/www.actualidadadiario.com\/index.php\/wp-json\/wp\/v2\/posts"}],"about":[{"href":"https:\/\/www.actualidadadiario.com\/index.php\/wp-json\/wp\/v2\/types\/post"}],"author":[{"embeddable":true,"href":"https:\/\/www.actualidadadiario.com\/index.php\/wp-json\/wp\/v2\/users\/3"}],"replies":[{"embeddable":true,"href":"https:\/\/www.actualidadadiario.com\/index.php\/wp-json\/wp\/v2\/comments?post=67830"}],"version-history":[{"count":1,"href":"https:\/\/www.actualidadadiario.com\/index.php\/wp-json\/wp\/v2\/posts\/67830\/revisions"}],"predecessor-version":[{"id":67832,"href":"https:\/\/www.actualidadadiario.com\/index.php\/wp-json\/wp\/v2\/posts\/67830\/revisions\/67832"}],"wp:featuredmedia":[{"embeddable":true,"href":"https:\/\/www.actualidadadiario.com\/index.php\/wp-json\/wp\/v2\/media\/67831"}],"wp:attachment":[{"href":"https:\/\/www.actualidadadiario.com\/index.php\/wp-json\/wp\/v2\/media?parent=67830"}],"wp:term":[{"taxonomy":"category","embeddable":true,"href":"https:\/\/www.actualidadadiario.com\/index.php\/wp-json\/wp\/v2\/categories?post=67830"},{"taxonomy":"post_tag","embeddable":true,"href":"https:\/\/www.actualidadadiario.com\/index.php\/wp-json\/wp\/v2\/tags?post=67830"}],"curies":[{"name":"wp","href":"https:\/\/api.w.org\/{rel}","templated":true}]}}