{"id":67815,"date":"2020-10-02T13:16:53","date_gmt":"2020-10-02T16:16:53","guid":{"rendered":"https:\/\/www.actualidadadiario.com\/?p=67815"},"modified":"2020-10-02T13:16:53","modified_gmt":"2020-10-02T16:16:53","slug":"el-pj-se-reune-para-avanzar-con-la-organizacion-del-acto-del-17-de-octubre","status":"publish","type":"post","link":"https:\/\/www.actualidadadiario.com\/index.php\/2020\/10\/02\/el-pj-se-reune-para-avanzar-con-la-organizacion-del-acto-del-17-de-octubre\/","title":{"rendered":"El PJ se re\u00fane para avanzar con la organizaci\u00f3n del acto del 17 de octubre"},"content":{"rendered":"<p style=\"text-align: center;\"><em><strong>La proclamaci\u00f3n de Alberto Fern\u00e1ndez ser\u00eda un gran ordenador en la interna porque alinear\u00eda autom\u00e1ticamente a todas las tribus del peronismo y evitar\u00eda una interna que podr\u00eda dejar heridas<\/strong><\/em><\/p>\n<p>&nbsp;<\/p>\n<p>&nbsp;<\/p>\n<p>El Partido Justicialista se reunir\u00e1 hoy por teleconferencia para avanzar en la organizaci\u00f3n del acto virtual del 17 de octubre, para conmemorar el aniversario n\u00famero 75 de la fecha fundacional del peronismo, que tendr\u00e1 al presidente Alberto Fern\u00e1ndez en el centro de la escena.<\/p>\n<p>El actual presidente del PJ, Jos\u00e9 Luis Gioja, es el organizador y ya se pronunci\u00f3 a favor de una idea que empieza a madurar y en la que vienen trabajando dirigentes de peso de la CGT y algunos gobernadores como Sergio U\u00f1ac (San Juan) y Juan Manzur (Tucum\u00e1n): ofrecerle la jefatura partidaria a Fern\u00e1ndez, quien pocos d\u00edas antes de ser proclamado candidato presidencial del Frente de Todos se incorpor\u00f3 como miembro de la Mesa de Acci\u00f3n Pol\u00edtica del partido.<\/p>\n<p>La propuesta recoge adhesiones inclusive en el mundo kirchnerista, como por ejemplo en el ministro de Defensa, Agust\u00edn Rossi, que fue el primero que lanz\u00f3 la idea cuando reci\u00e9n despuntaba el mandato de Fern\u00e1ndez y el Covid-19 era a\u00fan una lejana amenaza en China.<\/p>\n<p>El objetivo de quienes alientan la consagraci\u00f3n del presidente como sucesor de Gioja es empoderarlo para dar un mensaje de fortaleza hacia afuera, dado el actual contexto de fragilidad pol\u00edtica que atraviesa el Gobierno por la crisis de coronavirus, pero tambi\u00e9n una se\u00f1al de poder hacia dentro, donde el emergente &#8220;albertismo&#8221; convive con otras corrientes peronistas.<\/p>\n","protected":false},"excerpt":{"rendered":"<p>La proclamaci\u00f3n de Alberto Fern\u00e1ndez ser\u00eda un gran ordenador en la interna porque alinear\u00eda autom\u00e1ticamente a todas las tribus del peronismo y evitar\u00eda una interna que podr\u00eda dejar heridas &nbsp; &nbsp; El Partido Justicialista se reunir\u00e1 hoy por teleconferencia para avanzar en la organizaci\u00f3n del acto virtual del 17 de octubre, para conmemorar el aniversario n\u00famero 75 de la fecha fundacional del peronismo, que tendr\u00e1 al presidente Alberto Fern\u00e1ndez en el centro de la escena. El actual presidente del PJ, Jos\u00e9 Luis Gioja, es el organizador y ya se pronunci\u00f3&#8230;<\/p>\n","protected":false},"author":3,"featured_media":67642,"comment_status":"closed","ping_status":"closed","sticky":false,"template":"","format":"standard","meta":[],"categories":[9,18],"tags":[],"_links":{"self":[{"href":"https:\/\/www.actualidadadiario.com\/index.php\/wp-json\/wp\/v2\/posts\/67815"}],"collection":[{"href":"https:\/\/www.actualidadadiario.com\/index.php\/wp-json\/wp\/v2\/posts"}],"about":[{"href":"https:\/\/www.actualidadadiario.com\/index.php\/wp-json\/wp\/v2\/types\/post"}],"author":[{"embeddable":true,"href":"https:\/\/www.actualidadadiario.com\/index.php\/wp-json\/wp\/v2\/users\/3"}],"replies":[{"embeddable":true,"href":"https:\/\/www.actualidadadiario.com\/index.php\/wp-json\/wp\/v2\/comments?post=67815"}],"version-history":[{"count":1,"href":"https:\/\/www.actualidadadiario.com\/index.php\/wp-json\/wp\/v2\/posts\/67815\/revisions"}],"predecessor-version":[{"id":67816,"href":"https:\/\/www.actualidadadiario.com\/index.php\/wp-json\/wp\/v2\/posts\/67815\/revisions\/67816"}],"wp:featuredmedia":[{"embeddable":true,"href":"https:\/\/www.actualidadadiario.com\/index.php\/wp-json\/wp\/v2\/media\/67642"}],"wp:attachment":[{"href":"https:\/\/www.actualidadadiario.com\/index.php\/wp-json\/wp\/v2\/media?parent=67815"}],"wp:term":[{"taxonomy":"category","embeddable":true,"href":"https:\/\/www.actualidadadiario.com\/index.php\/wp-json\/wp\/v2\/categories?post=67815"},{"taxonomy":"post_tag","embeddable":true,"href":"https:\/\/www.actualidadadiario.com\/index.php\/wp-json\/wp\/v2\/tags?post=67815"}],"curies":[{"name":"wp","href":"https:\/\/api.w.org\/{rel}","templated":true}]}}