{"id":67771,"date":"2020-10-02T13:01:49","date_gmt":"2020-10-02T16:01:49","guid":{"rendered":"https:\/\/www.actualidadadiario.com\/?p=67771"},"modified":"2020-10-02T13:01:49","modified_gmt":"2020-10-02T16:01:49","slug":"insisten-en-las-medidas-de-prevencion-individuales-y-sociales-para-que-resista-el-sistema-sanitario","status":"publish","type":"post","link":"https:\/\/www.actualidadadiario.com\/index.php\/2020\/10\/02\/insisten-en-las-medidas-de-prevencion-individuales-y-sociales-para-que-resista-el-sistema-sanitario\/","title":{"rendered":"Insisten en las medidas de prevenci\u00f3n individuales y sociales para que resista el sistema sanitario"},"content":{"rendered":"<p style=\"text-align: center;\"><em><strong>Advierten que la din\u00e1mica epidemiol\u00f3gica del covid se da por fases y no por un pico, e insisten en que los protocolos disminuyen los riesgos, pero las medidas de prevenci\u00f3n, como el distanciamiento, el uso de barbijos y el autocuidado, son las que eliminan los riesgos<\/strong><\/em><\/p>\n<p>&nbsp;<\/p>\n<p>&nbsp;<\/p>\n<p>El secretario de Redes Integradas de Salud, Marcos Bachetti, sostuvo en declaraciones radiales que \u201ccualquier situaci\u00f3n que permita la interrelaci\u00f3n de personas, predispone que haya mayor riesgo. Los protocolos los disminuyen, pero no los eliminan. Lo \u00fanico que elimina el contagio a cero es estar a m\u00e1s de dos metros, usar el barbijo, la higiene personal y dem\u00e1s&#8221;, expres\u00f3.<\/p>\n<p>En ese marco, mencion\u00f3 que es alta la estabilizaci\u00f3n de los contagios en Paran\u00e1 porque est\u00e1n viendo muchos casos por fuera del covid que complica la situaci\u00f3n de cualquier unidad cr\u00edtica. Tambi\u00e9n inform\u00f3 que la franja etaria m\u00e1s afectada est\u00e1 en las personas mayores de 50 a\u00f1os y las con factores de riego.<\/p>\n<p>Por tal motivo, enfatiz\u00f3 que &#8220;el equilibrio se logra s\u00f3lo con medidas sanitarias y c\u00edvicas del Estado, y las responsabilidades individuales, institucionales y productivas comerciales. Si no vamos todos para el mismo lado, claramente tendremos muchos problemas&#8221;, insisti\u00f3.<\/p>\n<p>En cuanto a la franja etaria afectada, el funcionario dijo que &#8220;se vio un movimiento de los grupos etarios hacia arriba. En un primer momento, la circulaci\u00f3n estaba bastante restringida, los que se mov\u00edan eran personas j\u00f3venes con edades de trabajo y la franja etaria que m\u00e1s se contagiaba era entre los 20 y los 40. Hoy esto se ha ido para arriba, si bien hay un n\u00famero importante de infectados j\u00f3venes, y alcanza a personas de m\u00e1s de 50 a\u00f1os, a las con factores de riesgo y son los que tienen estos cuadros moderados o se complican&#8221;. Precis\u00f3 luego que en la ciudad de Paran\u00e1 hay m\u00e1s contacto con personas con factores de riesgo e insisti\u00f3 en que son quienes tienen m\u00e1s comprometida su vida cuando adquieren el covid. Por otro lado, inform\u00f3 que &#8220;hay un n\u00famero m\u00e1s o menos estabilizado de fallecido diarios&#8221;.<\/p>\n<p>Respecto al estado del sistema sanitario, Bachetti explic\u00f3 que es &#8220;bastante fluctuante&#8221; la ocupaci\u00f3n de las camas, y advirti\u00f3 que &#8220;al haber m\u00e1s circulaci\u00f3n de personas, aparecen otros caso que complican la cantidad de terapias&#8221;. Mencion\u00f3 que habitualmente en invierno las terapias &#8220;entran en tensi\u00f3n por las patolog\u00edas prevalentes de cada a\u00f1o, a lo que hay que sumarle accidentes de tr\u00e1nsito e inseguridad. Si bien hay una separaci\u00f3n entre unidades cr\u00edticas para covid y polivalentes &#8211; porque sigue habiendo accidentes cardiovasculares, infartos, cirug\u00edas traumatol\u00f3gicas de urgencia-, eso ocupa camas&#8221;. En ese sentido, remarc\u00f3 que si no hubiera habido un tiempo para poner a punto el sistema sanitario hace &#8221; m\u00e1s de un mes se hubiera estado totalmente colapsado. De todas maneras, insisti\u00f3 en que &#8220;si la situaci\u00f3n sigue y sigue avanzando, no hay duda que ning\u00fan sistema pueda resistir en los recursos materiales y humanos. La capacidad es finita&#8221;, remarc\u00f3.<\/p>\n<p>Habl\u00f3 luego que hay &#8220;un 70 por ciento aproximadamente de ocupaci\u00f3n, se est\u00e1 viendo muchos casos por fuera del covid que complica la situaci\u00f3n de cualquier unidad cr\u00edtica&#8221;.<\/p>\n<p>En otro orden, fue consultado sobre el alcance del covid en Paran\u00e1, m\u00e1s all\u00e1 de los hisopados. &#8220;Ese tipo de informaci\u00f3n se puede saber tiempo despu\u00e9s, pero claramente, y esto es en el mundo, la cantidad de pacientes que se diagnostican es inferior al real. Por eso es una pandemia. No son enfermos cr\u00f3nicos a los cuales se los puede contabilizar y se mantienen en el tiempo&#8221;, ejemplific\u00f3. Dicho esto, referenci\u00f3 estudios internacionales que sostienen que cada uno diagnosticado hay seis o siete que no lo est\u00e1n.<\/p>\n<p>Sobre la situaci\u00f3n en otros departamentos, el secretario de Redes Integradas de Salud asegur\u00f3 que &#8220;ninguna ciudad est\u00e1 exenta de que haya un rebrote, como sucede en Europa y han tenido que volver hacia atr\u00e1s actividades para no tener situaciones espeluznantes&#8221;. De todas maneras, sostuvo que &#8220;esos rebrotes vienen con un aprendizaje que hacen que las decisiones sean m\u00e1s efectivas&#8221;. En el caso puntual de Entre R\u00edos, habl\u00f3 de los 400 casos registrados en el departamento Diamante y los 4.000 del de Paran\u00e1, y de esos \u00faltimos, sostuvo que hay 600 que &#8220;claramente son un derrame de las ciudades grandes&#8221;. Dijo tambi\u00e9n que hay otros departamentos que por diversas circunstancias y estrategias, &#8220;han estado m\u00e1s controlados en relaci\u00f3n al ingreso, pero ninguno est\u00e1 exento&#8221;.<\/p>\n<p>&#8220;El pico en el avance tiene distintos tiempos en los diversos lugares, y tiene que ver con otra medidas tambi\u00e9n. Cada jurisdicci\u00f3n toma estrategias. No se mueve tanto hoy en pico, si no en fases. Se vio claramente en la ciudad de Paran\u00e1 con un primera fase, estabilizaci\u00f3n, otra fase de especie de pico, estabilizaci\u00f3n, otro pico y ahora se est\u00e1 en una estabilizaci\u00f3n en la que se est\u00e1 evaluando si las medidas resultan para no tener otro pico o avances que ser\u00eda mucho m\u00e1s complejo porque hoy la estabilidad est\u00e1 en un nivel alto&#8221;, sostuvo.<\/p>\n<p>&#8220;Eso se hizo largo, pero tendremos que ir acostumbr\u00e1ndonos en nuestra vida diario con el virus adentro responsablemente. Para todos resulta pesada esta situaci\u00f3n, pero por lo menos hay un horizonte que est\u00e1 en 2021. En el medio de todo eso, no podemos bajar los brazos y seguir con los esfuerzos porque hay que lograr que los sistemas de salud puedan absorber la demanda porque cuando no haya una unidad cr\u00edtica o un respirador para una persona, la mortalidad crecer\u00e1 much\u00edsimo&#8221;, advirti\u00f3.<\/p>\n<p>Bachetti insisti\u00f3 en la importancia de las medidas de prevenci\u00f3n como el distanciamiento, el uso de barbijo y el autocuidado. &#8220;Para bajar en el n\u00famero de casos, hay que lograr un equilibrio para tener una vida m\u00e1s o menos normal. Si se cumple con estas regulaciones, habr\u00e1 menos casos y no colapsar\u00e1 el sistema sanitario, y de esa manera podremos seguir viviendo lo m\u00e1s normal posible. El equilibrio se logra s\u00f3lo con medidas sanitarias y c\u00edvicas del Estado, y las responsabilidades de los sectores privadas, institucionales e individuales. Si no vamos todos juntos, claramente tendremos muchos problemas&#8221;, expres\u00f3.<\/p>\n<p>Por \u00faltimo, fue consultado si hay datos que den cuenta que la pr\u00e1ctica de deportes colectivos generan contagios. El funcionario dijo que &#8220;el virus no sabe si las personas est\u00e1n haciendo deportes, trabajando o hablando. Cualquier situaci\u00f3n que permita la interrelaci\u00f3n de personas, predispone que haya mayor riesgo. Los protocolos disminuyen los riegos, no lo eliminan. Lo \u00fanico que elimina el contagio a cero es estar a m\u00e1s de dos metros, usar el barbijo, la higiene personal y dem\u00e1s&#8221;, concluy\u00f3.<\/p>\n","protected":false},"excerpt":{"rendered":"<p>Advierten que la din\u00e1mica epidemiol\u00f3gica del covid se da por fases y no por un pico, e insisten en que los protocolos disminuyen los riesgos, pero las medidas de prevenci\u00f3n, como el distanciamiento, el uso de barbijos y el autocuidado, son las que eliminan los riesgos &nbsp; &nbsp; El secretario de Redes Integradas de Salud, Marcos Bachetti, sostuvo en declaraciones radiales que \u201ccualquier situaci\u00f3n que permita la interrelaci\u00f3n de personas, predispone que haya mayor riesgo. Los protocolos los disminuyen, pero no los eliminan. Lo \u00fanico que elimina el contagio a&#8230;<\/p>\n","protected":false},"author":3,"featured_media":64099,"comment_status":"closed","ping_status":"closed","sticky":false,"template":"","format":"standard","meta":[],"categories":[9,15],"tags":[],"_links":{"self":[{"href":"https:\/\/www.actualidadadiario.com\/index.php\/wp-json\/wp\/v2\/posts\/67771"}],"collection":[{"href":"https:\/\/www.actualidadadiario.com\/index.php\/wp-json\/wp\/v2\/posts"}],"about":[{"href":"https:\/\/www.actualidadadiario.com\/index.php\/wp-json\/wp\/v2\/types\/post"}],"author":[{"embeddable":true,"href":"https:\/\/www.actualidadadiario.com\/index.php\/wp-json\/wp\/v2\/users\/3"}],"replies":[{"embeddable":true,"href":"https:\/\/www.actualidadadiario.com\/index.php\/wp-json\/wp\/v2\/comments?post=67771"}],"version-history":[{"count":1,"href":"https:\/\/www.actualidadadiario.com\/index.php\/wp-json\/wp\/v2\/posts\/67771\/revisions"}],"predecessor-version":[{"id":67772,"href":"https:\/\/www.actualidadadiario.com\/index.php\/wp-json\/wp\/v2\/posts\/67771\/revisions\/67772"}],"wp:featuredmedia":[{"embeddable":true,"href":"https:\/\/www.actualidadadiario.com\/index.php\/wp-json\/wp\/v2\/media\/64099"}],"wp:attachment":[{"href":"https:\/\/www.actualidadadiario.com\/index.php\/wp-json\/wp\/v2\/media?parent=67771"}],"wp:term":[{"taxonomy":"category","embeddable":true,"href":"https:\/\/www.actualidadadiario.com\/index.php\/wp-json\/wp\/v2\/categories?post=67771"},{"taxonomy":"post_tag","embeddable":true,"href":"https:\/\/www.actualidadadiario.com\/index.php\/wp-json\/wp\/v2\/tags?post=67771"}],"curies":[{"name":"wp","href":"https:\/\/api.w.org\/{rel}","templated":true}]}}