{"id":67701,"date":"2020-10-01T12:03:07","date_gmt":"2020-10-01T15:03:07","guid":{"rendered":"https:\/\/www.actualidadadiario.com\/?p=67701"},"modified":"2020-10-01T12:03:07","modified_gmt":"2020-10-01T15:03:07","slug":"crecio-el-indice-de-pobreza-en-concordia-y-parana-tambien-subio-la-indigencia","status":"publish","type":"post","link":"https:\/\/www.actualidadadiario.com\/index.php\/2020\/10\/01\/crecio-el-indice-de-pobreza-en-concordia-y-parana-tambien-subio-la-indigencia\/","title":{"rendered":"Creci\u00f3 el \u00edndice de pobreza en Concordia y Paran\u00e1: tambi\u00e9n subi\u00f3 la indigencia"},"content":{"rendered":"<p style=\"text-align: center;\"><em><strong>Seg\u00fan las cifras que dio a conocer el Indec, Concordia est\u00e1 nuevamente al tope de la pobreza y m\u00e1s de la mitad de los concordienses son pobres. Los \u00edndices de tambi\u00e9n crecieron en Paran\u00e1<\/strong><\/em><\/p>\n<p>&nbsp;<\/p>\n<p>&nbsp;<\/p>\n<p>El Instituto Nacional de Estad\u00edsticas y Censos dio a conocer, este mi\u00e9rcoles, los \u00edndices de pobreza e indigencia correspondientes al primer semestre de 2020.<\/p>\n<p>De acuerdo con los datos que arroja esta nueva medici\u00f3n, en la ciudad entrerriana de la costa del r\u00edo Uruguay el 52,2% de las personas figuran en situaci\u00f3n de pobreza, lo que la ubica a m\u00e1s de 10 puntos del promedio nacional, que es del 40,9%. Traducido a n\u00fameros concretos, 83.860 concordienses son pobres sobre un total de 160.615 habitantes.<\/p>\n<p>Si se comparan estas cifras con las de per\u00edodos anteriores, se puede notar que hubo un aumento de un punto con respecto al segundo semestre de 2019, el \u00faltimo de la gesti\u00f3n de Mauricio Macri. En ese entonces, fue del 51,1 por ciento para Concordia. En cambio, si se contrasta el porcentaje actual con el que corresponde al mismo semestre del a\u00f1o pasado, que fue del 52,9%, se registra un leve descenso.<\/p>\n<p>Otro de los 31 aglomerados urbanos que mide el organismo es el denominado Gran Paran\u00e1, que incluye tanto a la capital provincial como a las localidades de Oro Verde, San Benito y Colonia Avellaneda. All\u00ed, hubo un aumento significativo del porcentaje de personas pobres, ya que pas\u00f3 del 30 por ciento del segundo semestre del a\u00f1o pasado al 36,3 en junio de 2020. A pesar de este incremento, se mantiene por debajo de la media.<\/p>\n<p>En cuanto a la indigencia, el promedio nacional refleja un 10,5%. En este \u00edndice, Concordia vuelve a posicionarse por encima, con un 12%; mientras que Paran\u00e1 registra un 6,3%.<\/p>\n","protected":false},"excerpt":{"rendered":"<p>Seg\u00fan las cifras que dio a conocer el Indec, Concordia est\u00e1 nuevamente al tope de la pobreza y m\u00e1s de la mitad de los concordienses son pobres. Los \u00edndices de tambi\u00e9n crecieron en Paran\u00e1 &nbsp; &nbsp; El Instituto Nacional de Estad\u00edsticas y Censos dio a conocer, este mi\u00e9rcoles, los \u00edndices de pobreza e indigencia correspondientes al primer semestre de 2020. De acuerdo con los datos que arroja esta nueva medici\u00f3n, en la ciudad entrerriana de la costa del r\u00edo Uruguay el 52,2% de las personas figuran en situaci\u00f3n de pobreza,&#8230;<\/p>\n","protected":false},"author":3,"featured_media":67702,"comment_status":"closed","ping_status":"closed","sticky":false,"template":"","format":"standard","meta":[],"categories":[9],"tags":[],"_links":{"self":[{"href":"https:\/\/www.actualidadadiario.com\/index.php\/wp-json\/wp\/v2\/posts\/67701"}],"collection":[{"href":"https:\/\/www.actualidadadiario.com\/index.php\/wp-json\/wp\/v2\/posts"}],"about":[{"href":"https:\/\/www.actualidadadiario.com\/index.php\/wp-json\/wp\/v2\/types\/post"}],"author":[{"embeddable":true,"href":"https:\/\/www.actualidadadiario.com\/index.php\/wp-json\/wp\/v2\/users\/3"}],"replies":[{"embeddable":true,"href":"https:\/\/www.actualidadadiario.com\/index.php\/wp-json\/wp\/v2\/comments?post=67701"}],"version-history":[{"count":1,"href":"https:\/\/www.actualidadadiario.com\/index.php\/wp-json\/wp\/v2\/posts\/67701\/revisions"}],"predecessor-version":[{"id":67703,"href":"https:\/\/www.actualidadadiario.com\/index.php\/wp-json\/wp\/v2\/posts\/67701\/revisions\/67703"}],"wp:featuredmedia":[{"embeddable":true,"href":"https:\/\/www.actualidadadiario.com\/index.php\/wp-json\/wp\/v2\/media\/67702"}],"wp:attachment":[{"href":"https:\/\/www.actualidadadiario.com\/index.php\/wp-json\/wp\/v2\/media?parent=67701"}],"wp:term":[{"taxonomy":"category","embeddable":true,"href":"https:\/\/www.actualidadadiario.com\/index.php\/wp-json\/wp\/v2\/categories?post=67701"},{"taxonomy":"post_tag","embeddable":true,"href":"https:\/\/www.actualidadadiario.com\/index.php\/wp-json\/wp\/v2\/tags?post=67701"}],"curies":[{"name":"wp","href":"https:\/\/api.w.org\/{rel}","templated":true}]}}