{"id":67673,"date":"2020-09-30T12:31:35","date_gmt":"2020-09-30T15:31:35","guid":{"rendered":"https:\/\/www.actualidadadiario.com\/?p=67673"},"modified":"2020-09-30T12:31:35","modified_gmt":"2020-09-30T15:31:35","slug":"susto-en-paris-por-un-estruendo-fue-un-avion-que-rompio-la-barrera-del-sonido","status":"publish","type":"post","link":"https:\/\/www.actualidadadiario.com\/index.php\/2020\/09\/30\/susto-en-paris-por-un-estruendo-fue-un-avion-que-rompio-la-barrera-del-sonido\/","title":{"rendered":"Susto en Par\u00eds por un estruendo: fue un avi\u00f3n que rompi\u00f3 la barrera del sonido"},"content":{"rendered":"<p style=\"text-align: center;\"><em><strong>La tarde del mi\u00e9rcoles en Par\u00eds y sus alrededores se escuch\u00f3 un estruendo que provoc\u00f3 el miedo de los ciudadanos franceses e incluso interrumpi\u00f3 un partido en Roland Garros. La polic\u00eda francesa comunic\u00f3 que el sonido fue causado por un avi\u00f3n militar que rompi\u00f3 la barrera del sonido<\/strong><\/em><\/p>\n<p>&nbsp;<\/p>\n<p>&nbsp;<\/p>\n<p>&#8220;Se escuch\u00f3 un ruido muy fuerte en Par\u00eds y en su regi\u00f3n. No fue una explosi\u00f3n, fue un avi\u00f3n de combate que rompi\u00f3 la barrera del sonido&#8221;, escribi\u00f3 la polic\u00eda de Par\u00eds en su cuenta de Twitter, instando a la gente a dejar de llamar a las l\u00edneas telef\u00f3nicas de los servicios de emergencia.<\/p>\n<p>El sonido se escuch\u00f3 tambi\u00e9n durante el partido que disputaban Stanislas Wawrinka y Dominik Koepfer en Roland Garros. Al o\u00edr el ruido, ambos tenistas se detuvieron para saber qu\u00e9 hab\u00eda sucedido.<\/p>\n<p>Usuarios de las redes sociales contaron que el estruendo hizo vibrar tambi\u00e9n las construcciones, en especial en pisos superiores de edificios.<\/p>\n","protected":false},"excerpt":{"rendered":"<p>La tarde del mi\u00e9rcoles en Par\u00eds y sus alrededores se escuch\u00f3 un estruendo que provoc\u00f3 el miedo de los ciudadanos franceses e incluso interrumpi\u00f3 un partido en Roland Garros. La polic\u00eda francesa comunic\u00f3 que el sonido fue causado por un avi\u00f3n militar que rompi\u00f3 la barrera del sonido &nbsp; &nbsp; &#8220;Se escuch\u00f3 un ruido muy fuerte en Par\u00eds y en su regi\u00f3n. No fue una explosi\u00f3n, fue un avi\u00f3n de combate que rompi\u00f3 la barrera del sonido&#8221;, escribi\u00f3 la polic\u00eda de Par\u00eds en su cuenta de Twitter, instando a la&#8230;<\/p>\n","protected":false},"author":3,"featured_media":67674,"comment_status":"closed","ping_status":"closed","sticky":false,"template":"","format":"standard","meta":[],"categories":[4],"tags":[],"_links":{"self":[{"href":"https:\/\/www.actualidadadiario.com\/index.php\/wp-json\/wp\/v2\/posts\/67673"}],"collection":[{"href":"https:\/\/www.actualidadadiario.com\/index.php\/wp-json\/wp\/v2\/posts"}],"about":[{"href":"https:\/\/www.actualidadadiario.com\/index.php\/wp-json\/wp\/v2\/types\/post"}],"author":[{"embeddable":true,"href":"https:\/\/www.actualidadadiario.com\/index.php\/wp-json\/wp\/v2\/users\/3"}],"replies":[{"embeddable":true,"href":"https:\/\/www.actualidadadiario.com\/index.php\/wp-json\/wp\/v2\/comments?post=67673"}],"version-history":[{"count":1,"href":"https:\/\/www.actualidadadiario.com\/index.php\/wp-json\/wp\/v2\/posts\/67673\/revisions"}],"predecessor-version":[{"id":67675,"href":"https:\/\/www.actualidadadiario.com\/index.php\/wp-json\/wp\/v2\/posts\/67673\/revisions\/67675"}],"wp:featuredmedia":[{"embeddable":true,"href":"https:\/\/www.actualidadadiario.com\/index.php\/wp-json\/wp\/v2\/media\/67674"}],"wp:attachment":[{"href":"https:\/\/www.actualidadadiario.com\/index.php\/wp-json\/wp\/v2\/media?parent=67673"}],"wp:term":[{"taxonomy":"category","embeddable":true,"href":"https:\/\/www.actualidadadiario.com\/index.php\/wp-json\/wp\/v2\/categories?post=67673"},{"taxonomy":"post_tag","embeddable":true,"href":"https:\/\/www.actualidadadiario.com\/index.php\/wp-json\/wp\/v2\/tags?post=67673"}],"curies":[{"name":"wp","href":"https:\/\/api.w.org\/{rel}","templated":true}]}}