{"id":67671,"date":"2020-09-30T12:30:31","date_gmt":"2020-09-30T15:30:31","guid":{"rendered":"https:\/\/www.actualidadadiario.com\/?p=67671"},"modified":"2020-09-30T12:30:31","modified_gmt":"2020-09-30T15:30:31","slug":"el-gobierno-congela-salarios-de-funcionarios-politicos","status":"publish","type":"post","link":"https:\/\/www.actualidadadiario.com\/index.php\/2020\/09\/30\/el-gobierno-congela-salarios-de-funcionarios-politicos\/","title":{"rendered":"El Gobierno congela salarios de funcionarios pol\u00edticos"},"content":{"rendered":"<p style=\"text-align: center;\"><em><strong>El Poder Ejecutivo decidi\u00f3 que los sueldos de ministros, directores, y autoridades superiores no se actualicen con la paritaria que cerr\u00f3 ATE<\/strong><\/em><\/p>\n<p>&nbsp;<\/p>\n<p>&nbsp;<\/p>\n<p>&nbsp;<\/p>\n<p>El Gobierno decidi\u00f3 no incorporar a los funcionarios pol\u00edticos y autoridades superiores a la paritaria que se firm\u00f3 con la Asociaci\u00f3n de Trabajadores del Estado (ATE) de un 7%. Fuentes de la Casa Rosada informaron que el acta &#8220;se firmar\u00e1 hoy y se publicar\u00e1 en el Bolet\u00edn Oficial&#8221;, seg\u00fan comentaron.<\/p>\n<p>Esta decisi\u00f3n llega luego de las cr\u00edticas por parte de la oposici\u00f3n y de medidas tomadas en varios distritos sobre bajar el sueldo a los cargos m\u00e1s altos de la administraci\u00f3n p\u00fablica, algo que el presidente Alberto Fern\u00e1ndez rechaz\u00f3.<\/p>\n<p>&#8220;Yo soy parte de un Gobierno de funcionarios que los llam\u00e1s a las 7 de la ma\u00f1ana y est\u00e1n, los llamas a la 1 de la ma\u00f1ana y est\u00e1n, y siempre tienen respuestas para todo&#8221;, afirm\u00f3 en abril cuando el tema estaba en su momento de mayor exposici\u00f3n.<\/p>\n<p>Fern\u00e1ndez tambi\u00e9n defendi\u00f3 su postura al afirmar que sus funcionarios \u201cviven de su sueldo, ninguno de ellos tiene un salario exorbitante ni yo tengo un sueldo exorbitante&#8221;<\/p>\n<p>La medida deja afuera a \u201cla franja de cargos pol\u00edticos, subsecretarios para arriba, y extraescalafonarios&#8221; que si se los incluir\u00e1 en el resultado de las negociaciones salariales.<\/p>\n<p>La paritaria estatal de ATE firm\u00f3 un aumento con el Poder Ejecutivo a partir de octubre y con el compromiso de volver a las negociaciones en diciembre.<\/p>\n","protected":false},"excerpt":{"rendered":"<p>El Poder Ejecutivo decidi\u00f3 que los sueldos de ministros, directores, y autoridades superiores no se actualicen con la paritaria que cerr\u00f3 ATE &nbsp; &nbsp; &nbsp; El Gobierno decidi\u00f3 no incorporar a los funcionarios pol\u00edticos y autoridades superiores a la paritaria que se firm\u00f3 con la Asociaci\u00f3n de Trabajadores del Estado (ATE) de un 7%. Fuentes de la Casa Rosada informaron que el acta &#8220;se firmar\u00e1 hoy y se publicar\u00e1 en el Bolet\u00edn Oficial&#8221;, seg\u00fan comentaron. Esta decisi\u00f3n llega luego de las cr\u00edticas por parte de la oposici\u00f3n y de medidas&#8230;<\/p>\n","protected":false},"author":3,"featured_media":67289,"comment_status":"closed","ping_status":"closed","sticky":false,"template":"","format":"standard","meta":[],"categories":[18],"tags":[],"_links":{"self":[{"href":"https:\/\/www.actualidadadiario.com\/index.php\/wp-json\/wp\/v2\/posts\/67671"}],"collection":[{"href":"https:\/\/www.actualidadadiario.com\/index.php\/wp-json\/wp\/v2\/posts"}],"about":[{"href":"https:\/\/www.actualidadadiario.com\/index.php\/wp-json\/wp\/v2\/types\/post"}],"author":[{"embeddable":true,"href":"https:\/\/www.actualidadadiario.com\/index.php\/wp-json\/wp\/v2\/users\/3"}],"replies":[{"embeddable":true,"href":"https:\/\/www.actualidadadiario.com\/index.php\/wp-json\/wp\/v2\/comments?post=67671"}],"version-history":[{"count":1,"href":"https:\/\/www.actualidadadiario.com\/index.php\/wp-json\/wp\/v2\/posts\/67671\/revisions"}],"predecessor-version":[{"id":67672,"href":"https:\/\/www.actualidadadiario.com\/index.php\/wp-json\/wp\/v2\/posts\/67671\/revisions\/67672"}],"wp:featuredmedia":[{"embeddable":true,"href":"https:\/\/www.actualidadadiario.com\/index.php\/wp-json\/wp\/v2\/media\/67289"}],"wp:attachment":[{"href":"https:\/\/www.actualidadadiario.com\/index.php\/wp-json\/wp\/v2\/media?parent=67671"}],"wp:term":[{"taxonomy":"category","embeddable":true,"href":"https:\/\/www.actualidadadiario.com\/index.php\/wp-json\/wp\/v2\/categories?post=67671"},{"taxonomy":"post_tag","embeddable":true,"href":"https:\/\/www.actualidadadiario.com\/index.php\/wp-json\/wp\/v2\/tags?post=67671"}],"curies":[{"name":"wp","href":"https:\/\/api.w.org\/{rel}","templated":true}]}}