{"id":67669,"date":"2020-09-30T12:29:42","date_gmt":"2020-09-30T15:29:42","guid":{"rendered":"https:\/\/www.actualidadadiario.com\/?p=67669"},"modified":"2020-09-30T12:29:42","modified_gmt":"2020-09-30T15:29:42","slug":"el-fmi-confirmo-que-su-mision-presencial-llegara-el-6-de-octubre","status":"publish","type":"post","link":"https:\/\/www.actualidadadiario.com\/index.php\/2020\/09\/30\/el-fmi-confirmo-que-su-mision-presencial-llegara-el-6-de-octubre\/","title":{"rendered":"El FMI confirm\u00f3 que su misi\u00f3n presencial llegar\u00e1 el 6 de octubre"},"content":{"rendered":"<p style=\"text-align: center;\"><em><strong>Julie Kozack, directora adjunta del Fondo para la regi\u00f3n, y Luis Cubeddu, encargado del caso argentino, estar\u00e1n al frente y ser\u00e1n los \u00fanicos que viajen al pa\u00eds. El resto del staff participar\u00e1 por Zoom. &#8220;Ser\u00e1 una visita informal para conocer en detalle los planes econ\u00f3micos&#8221;, afirman en el Fondo<\/strong><\/em><\/p>\n<p>&nbsp;<\/p>\n<p>Fuentes del Fondo Monetario Internacional (FMI) confirmaron que la primera misi\u00f3n t\u00e9cnica del organismo desde el comienzo formal de la negociaci\u00f3n con el Gobierno llegar\u00e1 al pa\u00eds el martes 6 de octubre. La visita se realizar\u00e1 en formato dual: una comitiva vendr\u00e1 a Buenos Aires de forma presencial, integrada por la estadounidense Julie Kozack, directora adjunta del Fondo para la regi\u00f3n, y el venezolano Luis Cubeddu, encargado del caso argentino, y el resto del staff participar\u00e1 desde Washington v\u00eda Zoom.<\/p>\n<p>Un vocero del organismo multilateral se\u00f1al\u00f3 que Kozack y Cubeddu se unir\u00e1n a Trevor Alleyne, representante residente del FMI en Argentina que vive y trabaja en el pa\u00eds, para participar en encuentros presenciales. &#8220;Como parte de la misi\u00f3n, el equipo se reunir\u00e1 con miembros del gabinete econ\u00f3mico del Gobierno, as\u00ed como con representantes del Congreso, el sector privado, sindicatos y la sociedad civil&#8221;, resalt\u00f3.<\/p>\n<p>El portavoz asegur\u00f3 que se trata de una visita &#8220;informal&#8221;, cuya intenci\u00f3n ser\u00e1 obtener mayores precisiones de las prioridades y planes econ\u00f3micos del Gobierno de cara a la negociaci\u00f3n del nuevo programa, que reemplazar\u00e1 al multimillonario stand by firmado por Mauricio Macri en 2018.<\/p>\n<p>&#8220;El objetivo principal de la misi\u00f3n, denominada staff visit por su naturaleza y car\u00e1cter informal, ser\u00e1 conocer en mayor detalle los planes econ\u00f3micos y las prioridades de pol\u00edtica de las autoridades argentinas que podr\u00edan sustentar un programa respaldado por el FMI. El equipo estar\u00e1 en modo de escucha buscando obtener un mayor entendimiento de la agenda econ\u00f3mica de las autoridades&#8221;, dijo la fuente.<\/p>\n<p>Como cont\u00f3 este diario d\u00edas atr\u00e1s, se trata del mismo esquema planteado por el Ejecutivo. En Econom\u00eda explican que la clave de la misi\u00f3n pasar\u00e1 por poner los n\u00fameros de la crisis sobre la mesa antes de discutir las caracter\u00edsticas del futuro programa, con la intenci\u00f3n de que el Fondo tome dimensi\u00f3n de la situaci\u00f3n que atraviesa el pa\u00eds y, as\u00ed, avale un sendero gradual hacia el ordenamiento de las cuentas p\u00fablicas, que recorte partidas de emergencia pero que no implique un ajuste en shock. &#8220;Antes que negociar, es importante comprender&#8221;, sostienen.<\/p>\n<p>&#8220;Se trata del inicio del proceso. La informaci\u00f3n compilada por la misi\u00f3n ayudar\u00e1 al equipo a comprender mejor la situaci\u00f3n socioecon\u00f3mica en el terreno y sentar las bases para las negociaciones&#8221;, expres\u00f3 el vocero de la entidad con sede en la capital estadounidense.<\/p>\n<p>Lo cierto es que tanto el ministro de Econom\u00eda, Mart\u00edn Guzm\u00e1n, como las autoridades del FMI, encabezadas por Kristalina Georgieva, se preparan para una negociaci\u00f3n extensa, que podr\u00eda durar hasta el primer trimestre. Ser\u00e1 una pulseada dura ya que, adem\u00e1s de la pol\u00edtica fiscal, implicar\u00e1 discutir el plan monetario y cambiario, y las siempre presentes condicionalidades del FMI.<\/p>\n<p>Con todo, el Gobierno aclar\u00f3 que buscar\u00e1 \u00fanicamente refinanciar los USD45.000 millones de capital adeudados, con un per\u00edodo de gracia de al menos tres a\u00f1os, y no pedir\u00e1 divisas adicionales para engrosar las reservas. Esta era una versi\u00f3n que se hab\u00eda instalado en el mercado ante la sangr\u00eda que viven las arcas del Banco Central.<\/p>\n<p>Con la visita presencial del Fondo a pesar de la pandemia, Guzm\u00e1n busca ayudar a anclar las expectativas del mercado en momentos de fuerte volatilidad luego de que el endurecimiento del cepo, que ser\u00e1 parte de las conversaciones, ampliara a\u00fan m\u00e1s la brecha cambiaria y no detuviera el drenaje de reservas. La intenci\u00f3n es mostrar que el Gobierno suscribir\u00e1 y mostrar\u00e1 un plan econ\u00f3mico.<\/p>\n<p>En la misma l\u00ednea, Econom\u00eda apuesta a llevar mayor certidumbre con el tratamiento el Congreso del proyecto de Presupuesto 2021, la hoja de ruta del Gobierno para la pospandemia. Otro gesto hacia el mercado de los \u00faltimos d\u00edas fue la confirmaci\u00f3n de que el 1% de los bonistas que no ingres\u00f3 al canje de deuda bajo legislaci\u00f3n extranjera cobrar\u00e1 este mi\u00e9rcoles el vencimiento del cup\u00f3n de intereses de los bonos Par en d\u00f3lares y en euros emitidos en 2010 -los que no llegaron a reestructurarse en su totalidad- por cerca de USD12 millones.<\/p>\n<p>Mientras tanto, el Gobierno prepara una serie de anuncios para acelerar la liquidaci\u00f3n de exportaciones del agro y la miner\u00eda, junto a otros ajustes del esquema cambiario para intentar blindar las escasas reservas netas, que ya perforaron los USD7.000 millones.<\/p>\n","protected":false},"excerpt":{"rendered":"<p>Julie Kozack, directora adjunta del Fondo para la regi\u00f3n, y Luis Cubeddu, encargado del caso argentino, estar\u00e1n al frente y ser\u00e1n los \u00fanicos que viajen al pa\u00eds. El resto del staff participar\u00e1 por Zoom. &#8220;Ser\u00e1 una visita informal para conocer en detalle los planes econ\u00f3micos&#8221;, afirman en el Fondo &nbsp; Fuentes del Fondo Monetario Internacional (FMI) confirmaron que la primera misi\u00f3n t\u00e9cnica del organismo desde el comienzo formal de la negociaci\u00f3n con el Gobierno llegar\u00e1 al pa\u00eds el martes 6 de octubre. La visita se realizar\u00e1 en formato dual: una&#8230;<\/p>\n","protected":false},"author":3,"featured_media":34402,"comment_status":"closed","ping_status":"closed","sticky":false,"template":"","format":"standard","meta":[],"categories":[18],"tags":[],"_links":{"self":[{"href":"https:\/\/www.actualidadadiario.com\/index.php\/wp-json\/wp\/v2\/posts\/67669"}],"collection":[{"href":"https:\/\/www.actualidadadiario.com\/index.php\/wp-json\/wp\/v2\/posts"}],"about":[{"href":"https:\/\/www.actualidadadiario.com\/index.php\/wp-json\/wp\/v2\/types\/post"}],"author":[{"embeddable":true,"href":"https:\/\/www.actualidadadiario.com\/index.php\/wp-json\/wp\/v2\/users\/3"}],"replies":[{"embeddable":true,"href":"https:\/\/www.actualidadadiario.com\/index.php\/wp-json\/wp\/v2\/comments?post=67669"}],"version-history":[{"count":1,"href":"https:\/\/www.actualidadadiario.com\/index.php\/wp-json\/wp\/v2\/posts\/67669\/revisions"}],"predecessor-version":[{"id":67670,"href":"https:\/\/www.actualidadadiario.com\/index.php\/wp-json\/wp\/v2\/posts\/67669\/revisions\/67670"}],"wp:featuredmedia":[{"embeddable":true,"href":"https:\/\/www.actualidadadiario.com\/index.php\/wp-json\/wp\/v2\/media\/34402"}],"wp:attachment":[{"href":"https:\/\/www.actualidadadiario.com\/index.php\/wp-json\/wp\/v2\/media?parent=67669"}],"wp:term":[{"taxonomy":"category","embeddable":true,"href":"https:\/\/www.actualidadadiario.com\/index.php\/wp-json\/wp\/v2\/categories?post=67669"},{"taxonomy":"post_tag","embeddable":true,"href":"https:\/\/www.actualidadadiario.com\/index.php\/wp-json\/wp\/v2\/tags?post=67669"}],"curies":[{"name":"wp","href":"https:\/\/api.w.org\/{rel}","templated":true}]}}