{"id":67630,"date":"2020-09-30T12:17:05","date_gmt":"2020-09-30T15:17:05","guid":{"rendered":"https:\/\/www.actualidadadiario.com\/?p=67630"},"modified":"2020-09-30T12:17:05","modified_gmt":"2020-09-30T15:17:05","slug":"agmer-espera-que-el-gobierno-presente-una-mejor-propuesta-salarial","status":"publish","type":"post","link":"https:\/\/www.actualidadadiario.com\/index.php\/2020\/09\/30\/agmer-espera-que-el-gobierno-presente-una-mejor-propuesta-salarial\/","title":{"rendered":"Agmer espera que el Gobierno presente una mejor propuesta salarial"},"content":{"rendered":"<p style=\"text-align: center;\"><em><strong>La Asociaci\u00f3n Gremial del Magisterio de Entre R\u00edos (Agmer) espera que en la pr\u00f3xima reuni\u00f3n el Gobierno provincial presente una oferta que contenga los puntos b\u00e1sicos reclamados, entre ellos, que \u201cning\u00fan docente cobre salarios por debajo de la l\u00ednea de la pobreza\u201d \u00b7 Luego evaluar\u00e1 los pasos a seguir en funci\u00f3n de la nueva propuesta<\/strong><\/em><\/p>\n<p>&nbsp;<\/p>\n<p>&nbsp;<\/p>\n<p>\u201cEl pr\u00f3ximo jueves vamos a plantear lo que ya planteamos en la primera reuni\u00f3n\u201d, asegur\u00f3 el secretario Gremial de Agmer, Guillermo Zampedri. En declaraciones a esta Agencia, record\u00f3 cu\u00e1les son esos reclamos: \u201cQue ning\u00fan docente cobre salarios por debajo de la l\u00ednea de la pobreza; que todos los aumentos sean en blanco y al sueldo b\u00e1sico, como lo establece la Constituci\u00f3n provincial; y que se cumplan los puntos pendientes de la paritaria 2019, como es la equiparaci\u00f3n de los cargos de directivos de primaria con la secundaria\u201d, enumer\u00f3.<\/p>\n<p>\u201cEsperamos que en la oferta se va a realizar el pr\u00f3ximo jueves se contengan estos planteos, que son los mismos que ya hizo nuestro Secretario General en la reuni\u00f3n pasada\u201d, afirm\u00f3.<\/p>\n<p>Tras ese primer encuentro, el titular de Agmer, Marcelo Pagani, remarc\u00f3 que \u201cla pauta salarial para los pr\u00f3ximos meses debe responder a criterios que Agmer fij\u00f3 hist\u00f3ricamente, ratificados por el Plenario de Secretarios y Secretarias Generales\u201d.<\/p>\n<p>Por \u00faltimo, Zampedri adelant\u00f3 que el gremio \u201cevaluar\u00e1 los pasos a seguir una vez finalizado el pr\u00f3ximo encuentro\u201d previsto para el 1\u00b0 de octubre, que dar\u00e1 continuidad a la primera reuni\u00f3n realizada el 24 de septiembre en el Sal\u00f3n de los Gobernadores.<\/p>\n","protected":false},"excerpt":{"rendered":"<p>La Asociaci\u00f3n Gremial del Magisterio de Entre R\u00edos (Agmer) espera que en la pr\u00f3xima reuni\u00f3n el Gobierno provincial presente una oferta que contenga los puntos b\u00e1sicos reclamados, entre ellos, que \u201cning\u00fan docente cobre salarios por debajo de la l\u00ednea de la pobreza\u201d \u00b7 Luego evaluar\u00e1 los pasos a seguir en funci\u00f3n de la nueva propuesta &nbsp; &nbsp; \u201cEl pr\u00f3ximo jueves vamos a plantear lo que ya planteamos en la primera reuni\u00f3n\u201d, asegur\u00f3 el secretario Gremial de Agmer, Guillermo Zampedri. En declaraciones a esta Agencia, record\u00f3 cu\u00e1les son esos reclamos: \u201cQue&#8230;<\/p>\n","protected":false},"author":3,"featured_media":57438,"comment_status":"closed","ping_status":"closed","sticky":false,"template":"","format":"standard","meta":[],"categories":[15],"tags":[],"_links":{"self":[{"href":"https:\/\/www.actualidadadiario.com\/index.php\/wp-json\/wp\/v2\/posts\/67630"}],"collection":[{"href":"https:\/\/www.actualidadadiario.com\/index.php\/wp-json\/wp\/v2\/posts"}],"about":[{"href":"https:\/\/www.actualidadadiario.com\/index.php\/wp-json\/wp\/v2\/types\/post"}],"author":[{"embeddable":true,"href":"https:\/\/www.actualidadadiario.com\/index.php\/wp-json\/wp\/v2\/users\/3"}],"replies":[{"embeddable":true,"href":"https:\/\/www.actualidadadiario.com\/index.php\/wp-json\/wp\/v2\/comments?post=67630"}],"version-history":[{"count":1,"href":"https:\/\/www.actualidadadiario.com\/index.php\/wp-json\/wp\/v2\/posts\/67630\/revisions"}],"predecessor-version":[{"id":67631,"href":"https:\/\/www.actualidadadiario.com\/index.php\/wp-json\/wp\/v2\/posts\/67630\/revisions\/67631"}],"wp:featuredmedia":[{"embeddable":true,"href":"https:\/\/www.actualidadadiario.com\/index.php\/wp-json\/wp\/v2\/media\/57438"}],"wp:attachment":[{"href":"https:\/\/www.actualidadadiario.com\/index.php\/wp-json\/wp\/v2\/media?parent=67630"}],"wp:term":[{"taxonomy":"category","embeddable":true,"href":"https:\/\/www.actualidadadiario.com\/index.php\/wp-json\/wp\/v2\/categories?post=67630"},{"taxonomy":"post_tag","embeddable":true,"href":"https:\/\/www.actualidadadiario.com\/index.php\/wp-json\/wp\/v2\/tags?post=67630"}],"curies":[{"name":"wp","href":"https:\/\/api.w.org\/{rel}","templated":true}]}}