{"id":67625,"date":"2020-09-30T12:15:20","date_gmt":"2020-09-30T15:15:20","guid":{"rendered":"https:\/\/www.actualidadadiario.com\/?p=67625"},"modified":"2020-09-30T12:15:20","modified_gmt":"2020-09-30T15:15:20","slug":"un-municipio-entrerriano-ya-trabaja-en-protocolos-para-inaugurar-playas","status":"publish","type":"post","link":"https:\/\/www.actualidadadiario.com\/index.php\/2020\/09\/30\/un-municipio-entrerriano-ya-trabaja-en-protocolos-para-inaugurar-playas\/","title":{"rendered":"Un municipio entrerriano ya trabaja en protocolos para inaugurar playas"},"content":{"rendered":"<p style=\"text-align: center;\"><em><strong>Desde la municipalidad de Concepci\u00f3n del Uruguay informaron que \u201cse est\u00e1 trabajando en un protocolo\u201d pero, aclararon que \u201cno hay algo definido porque va a depender mucho de la situaci\u00f3n epidemiol\u00f3gica\u201d<\/strong><\/em><\/p>\n<p>&nbsp;<\/p>\n<p>&nbsp;<\/p>\n<p>El pasado fin de semana, tras 6 meses de restricciones, la Isla del Puerto volvi\u00f3 a abrir sus puertas para el total de la ciudadan\u00eda de Concepci\u00f3n del Uruguay.<\/p>\n<p>Leticia Huademan, coordinadora del balneario y reserva natural, explic\u00f3 que por tratarse del primer d\u00eda, se pudieron ver largas filas de autom\u00f3viles tanto para el ingreso como para el egreso.<\/p>\n<p>A continuaci\u00f3n, la funcionaria coment\u00f3 que actividades se encuentran habilitadas y cu\u00e1les no. &#8220;Hasta el momento ten\u00edamos habilitadas solo las actividades deportivas y recreativas, actualmente el uso del espacio volver\u00eda al uso habitual\u201d, mencion\u00f3. Subrayando que \u201cse permite el ingreso de veh\u00edculos, las actividades deportivas y recreativas y se puede permanecer en las playas\u201d.<\/p>\n<p>\u201cNo est\u00e1 permitido el uso de juegos infantiles y saludables, tampoco ingresar a la zona de Stella Maris ni acceder al sector sur: los paradores contin\u00faan funcionando con reserva previa&#8221;, aclar\u00f3.<\/p>\n<p>&nbsp;<\/p>\n<p><strong>Playas<\/strong><\/p>\n<p>Aproximadamente a dos meses de la tradicional inauguraci\u00f3n de las playas uruguayenses, Huademan fue consultada acerca de la realizaci\u00f3n de protocolos para el uso de las mismas. En ese sentido, se\u00f1al\u00f3 que \u201ctodav\u00eda se est\u00e1 trabajando en un protocolo, no hay algo definido porque va a depender mucho de la situaci\u00f3n epidemiol\u00f3gica\u201d.<\/p>\n<p>\u201cA partir de este componente se ir\u00e1 planificando como podemos aprovechar el espacio permitiendo el ingreso con ciertas restricciones&#8221;, adelant\u00f3.<\/p>\n<p>Finalmente, agreg\u00f3 que en la espera del inicio de la temporada se iniciaron diversas reparaciones, &#8220;Hace aproximadamente un mes y medio iniciamos con reparaciones, se est\u00e1n arreglando m\u00e1s de 35 bancos que se encontraban en mal estado y tambi\u00e9n se est\u00e1n reparando algunas sombrillas&#8221;, remat\u00f3.<\/p>\n","protected":false},"excerpt":{"rendered":"<p>Desde la municipalidad de Concepci\u00f3n del Uruguay informaron que \u201cse est\u00e1 trabajando en un protocolo\u201d pero, aclararon que \u201cno hay algo definido porque va a depender mucho de la situaci\u00f3n epidemiol\u00f3gica\u201d &nbsp; &nbsp; El pasado fin de semana, tras 6 meses de restricciones, la Isla del Puerto volvi\u00f3 a abrir sus puertas para el total de la ciudadan\u00eda de Concepci\u00f3n del Uruguay. Leticia Huademan, coordinadora del balneario y reserva natural, explic\u00f3 que por tratarse del primer d\u00eda, se pudieron ver largas filas de autom\u00f3viles tanto para el ingreso como para&#8230;<\/p>\n","protected":false},"author":3,"featured_media":67626,"comment_status":"closed","ping_status":"closed","sticky":false,"template":"","format":"standard","meta":[],"categories":[15],"tags":[],"_links":{"self":[{"href":"https:\/\/www.actualidadadiario.com\/index.php\/wp-json\/wp\/v2\/posts\/67625"}],"collection":[{"href":"https:\/\/www.actualidadadiario.com\/index.php\/wp-json\/wp\/v2\/posts"}],"about":[{"href":"https:\/\/www.actualidadadiario.com\/index.php\/wp-json\/wp\/v2\/types\/post"}],"author":[{"embeddable":true,"href":"https:\/\/www.actualidadadiario.com\/index.php\/wp-json\/wp\/v2\/users\/3"}],"replies":[{"embeddable":true,"href":"https:\/\/www.actualidadadiario.com\/index.php\/wp-json\/wp\/v2\/comments?post=67625"}],"version-history":[{"count":1,"href":"https:\/\/www.actualidadadiario.com\/index.php\/wp-json\/wp\/v2\/posts\/67625\/revisions"}],"predecessor-version":[{"id":67627,"href":"https:\/\/www.actualidadadiario.com\/index.php\/wp-json\/wp\/v2\/posts\/67625\/revisions\/67627"}],"wp:featuredmedia":[{"embeddable":true,"href":"https:\/\/www.actualidadadiario.com\/index.php\/wp-json\/wp\/v2\/media\/67626"}],"wp:attachment":[{"href":"https:\/\/www.actualidadadiario.com\/index.php\/wp-json\/wp\/v2\/media?parent=67625"}],"wp:term":[{"taxonomy":"category","embeddable":true,"href":"https:\/\/www.actualidadadiario.com\/index.php\/wp-json\/wp\/v2\/categories?post=67625"},{"taxonomy":"post_tag","embeddable":true,"href":"https:\/\/www.actualidadadiario.com\/index.php\/wp-json\/wp\/v2\/tags?post=67625"}],"curies":[{"name":"wp","href":"https:\/\/api.w.org\/{rel}","templated":true}]}}