{"id":67597,"date":"2020-09-29T13:05:06","date_gmt":"2020-09-29T16:05:06","guid":{"rendered":"https:\/\/www.actualidadadiario.com\/?p=67597"},"modified":"2020-09-29T13:05:06","modified_gmt":"2020-09-29T16:05:06","slug":"funcionarios-de-economia-exponen-sobre-los-alcances-del-presupuesto-2021","status":"publish","type":"post","link":"https:\/\/www.actualidadadiario.com\/index.php\/2020\/09\/29\/funcionarios-de-economia-exponen-sobre-los-alcances-del-presupuesto-2021\/","title":{"rendered":"Funcionarios de Econom\u00eda exponen sobre los alcances del Presupuesto 2021"},"content":{"rendered":"<p style=\"text-align: center;\"><em><strong>Luego de que la semana pasada le tocara al ministro de Econom\u00eda Mart\u00edn Guzm\u00e1n explicar los detalles del proyecto, hoy es el turno de Ra\u00fal Rigo, Haroldo Montagu y Diego Bastourre<\/strong><\/em><\/p>\n<p>&nbsp;<\/p>\n<p>&nbsp;<\/p>\n<p>Los secretarios de Hacienda, de Pol\u00edtica Econ\u00f3mica y de Finanzas, Ra\u00fal Rigo, Haroldo Montagu y Diego Bastourre, respectivamente, expondr\u00e1n esta tarde ante un plenario de la C\u00e1mara de Diputados sobre los ejes centrales del proyecto de Presupuesto 2021.<\/p>\n<p>La iniciativa del Poder Ejecutivo contempla un gasto total superior a $8 billones, con m\u00e1s del 60% destinado a partidas sociales y un crecimiento del 5,5% del Producto Bruto Interno (PBI).<\/p>\n<p>A partir de las 15, los integrantes de la Comisi\u00f3n de Presupuesto y Hacienda de la C\u00e1mara baja, que conduce el diputado Carlos Heller, avanzar\u00e1n as\u00ed en el debate sobre los gastos y recursos de la Administraci\u00f3n nacional durante el a\u00f1o pr\u00f3ximo.<\/p>\n<p>Tras el informe de Rigo, Montagu y Bastourre, la Comisi\u00f3n de Presupuesto comenzar\u00e1 a analizar cada art\u00edculo del proyecto y a definir si introduce o no modificaciones, a la luz de las negociaciones con los bloques opositores.<\/p>\n<p>El Frente de Todos tiene 117 votos propios, con lo cual requiere construir consensos con los bloques provinciales para asegurar su aprobaci\u00f3n, con la mirada puesta en que Juntos por el Cambio no acompa\u00f1e el proyecto del Gobierno nacional.<\/p>\n<p>El oficialismo aguarda tambi\u00e9n que el ministro de Econom\u00eda, Mart\u00edn Guzm\u00e1n, gire al Congreso nacional el nuevo sistema de ajuste de jubilaciones que reemplazar\u00e1 la movilidad aprobada por el Gobierno de Cambiemos, dado que el pago de haberes insumir\u00e1 m\u00e1s de la mitad de los recursos previstos para el pr\u00f3ximo a\u00f1o.<\/p>\n<p>Los funcionarios de Econom\u00eda explicar\u00e1n los aspectos centrales del Presupuesto, que proyecta un d\u00e9ficit fiscal de 4,5%, una inflaci\u00f3n anual de 29% y un d\u00f3lar en torno a los $102,4 para fin del a\u00f1o.<\/p>\n<p>Tambi\u00e9n se dar\u00e1n precisiones sobre el gasto social, que prev\u00e9 destinar $5,5 billones para el pago de jubilaciones y asignaciones sociales, programas alimentarios y de econom\u00eda social, entre otros fines, lo que representa el 65% de los recursos previstos para 2021.<\/p>\n","protected":false},"excerpt":{"rendered":"<p>Luego de que la semana pasada le tocara al ministro de Econom\u00eda Mart\u00edn Guzm\u00e1n explicar los detalles del proyecto, hoy es el turno de Ra\u00fal Rigo, Haroldo Montagu y Diego Bastourre &nbsp; &nbsp; Los secretarios de Hacienda, de Pol\u00edtica Econ\u00f3mica y de Finanzas, Ra\u00fal Rigo, Haroldo Montagu y Diego Bastourre, respectivamente, expondr\u00e1n esta tarde ante un plenario de la C\u00e1mara de Diputados sobre los ejes centrales del proyecto de Presupuesto 2021. La iniciativa del Poder Ejecutivo contempla un gasto total superior a $8 billones, con m\u00e1s del 60% destinado a&#8230;<\/p>\n","protected":false},"author":3,"featured_media":67598,"comment_status":"closed","ping_status":"closed","sticky":false,"template":"","format":"standard","meta":[],"categories":[18],"tags":[],"_links":{"self":[{"href":"https:\/\/www.actualidadadiario.com\/index.php\/wp-json\/wp\/v2\/posts\/67597"}],"collection":[{"href":"https:\/\/www.actualidadadiario.com\/index.php\/wp-json\/wp\/v2\/posts"}],"about":[{"href":"https:\/\/www.actualidadadiario.com\/index.php\/wp-json\/wp\/v2\/types\/post"}],"author":[{"embeddable":true,"href":"https:\/\/www.actualidadadiario.com\/index.php\/wp-json\/wp\/v2\/users\/3"}],"replies":[{"embeddable":true,"href":"https:\/\/www.actualidadadiario.com\/index.php\/wp-json\/wp\/v2\/comments?post=67597"}],"version-history":[{"count":1,"href":"https:\/\/www.actualidadadiario.com\/index.php\/wp-json\/wp\/v2\/posts\/67597\/revisions"}],"predecessor-version":[{"id":67599,"href":"https:\/\/www.actualidadadiario.com\/index.php\/wp-json\/wp\/v2\/posts\/67597\/revisions\/67599"}],"wp:featuredmedia":[{"embeddable":true,"href":"https:\/\/www.actualidadadiario.com\/index.php\/wp-json\/wp\/v2\/media\/67598"}],"wp:attachment":[{"href":"https:\/\/www.actualidadadiario.com\/index.php\/wp-json\/wp\/v2\/media?parent=67597"}],"wp:term":[{"taxonomy":"category","embeddable":true,"href":"https:\/\/www.actualidadadiario.com\/index.php\/wp-json\/wp\/v2\/categories?post=67597"},{"taxonomy":"post_tag","embeddable":true,"href":"https:\/\/www.actualidadadiario.com\/index.php\/wp-json\/wp\/v2\/tags?post=67597"}],"curies":[{"name":"wp","href":"https:\/\/api.w.org\/{rel}","templated":true}]}}