{"id":67561,"date":"2020-09-29T12:53:00","date_gmt":"2020-09-29T15:53:00","guid":{"rendered":"https:\/\/www.actualidadadiario.com\/?p=67561"},"modified":"2020-09-29T12:53:00","modified_gmt":"2020-09-29T15:53:00","slug":"diputados-tratara-manana-un-proyecto-sobre-educacion-sexual-integral","status":"publish","type":"post","link":"https:\/\/www.actualidadadiario.com\/index.php\/2020\/09\/29\/diputados-tratara-manana-un-proyecto-sobre-educacion-sexual-integral\/","title":{"rendered":"Diputados tratar\u00e1 ma\u00f1ana un proyecto sobre Educaci\u00f3n Sexual Integral"},"content":{"rendered":"<p style=\"text-align: center;\"><em><strong>Lo abordar\u00e1 la Comisi\u00f3n de Educaci\u00f3n en una reuni\u00f3n que tendr\u00e1 lugar ma\u00f1ana. Se trata de una iniciativa que impulsa el presidente de la C\u00e1mara, \u00c1ngel Giano<\/strong><\/em><\/p>\n<p>&nbsp;<\/p>\n<p>&nbsp;<\/p>\n<p>El mi\u00e9rcoles a las 10 se reunir\u00e1 la Comisi\u00f3n de Educaci\u00f3n, Ciencia y Tecnolog\u00eda para tratar el proyecto de Ley de Educaci\u00f3n Sexual Integral y la iniciativa por la que se crea el Legajo \u00danico de Estudiantes (LUE) para todas las instituciones educativas de gesti\u00f3n estatal y privada correspondientes a todos los niveles, modalidades y orientaciones.<\/p>\n<p>Ese mismo d\u00eda pero a las 11 habr\u00e1 una reuni\u00f3n\u00a0 conjunta de la Comisi\u00f3n de Educaci\u00f3n y la Banca de las Mujeres, G\u00e9nero y Diversidad para abordar tres proyectos: por un lado, solicitar al Consejo de Educaci\u00f3n que arbitre las medidas y gestiones tendientes a fortalecer las herramientas del sistema educativo para prevenir y erradicar la violencia hacia las mujeres e identidades feminizadas. Tambi\u00e9n se tratar\u00e1 el proyecto de ley de nuevas masculinidades y el de igualdad y no discriminaci\u00f3n en acuerdos escolares de convivencia.<\/p>\n<p>Por \u00faltimo, el jueves a las 10 se reunir\u00e1n en forma conjunta la Comisi\u00f3n de Trabajo y la Banca de las Mujeres para abordar un proyecto sobre licencia por violencia de g\u00e9nero en el \u00e1mbito legislativo.<\/p>\n<p>&nbsp;<\/p>\n","protected":false},"excerpt":{"rendered":"<p>Lo abordar\u00e1 la Comisi\u00f3n de Educaci\u00f3n en una reuni\u00f3n que tendr\u00e1 lugar ma\u00f1ana. Se trata de una iniciativa que impulsa el presidente de la C\u00e1mara, \u00c1ngel Giano &nbsp; &nbsp; El mi\u00e9rcoles a las 10 se reunir\u00e1 la Comisi\u00f3n de Educaci\u00f3n, Ciencia y Tecnolog\u00eda para tratar el proyecto de Ley de Educaci\u00f3n Sexual Integral y la iniciativa por la que se crea el Legajo \u00danico de Estudiantes (LUE) para todas las instituciones educativas de gesti\u00f3n estatal y privada correspondientes a todos los niveles, modalidades y orientaciones. Ese mismo d\u00eda pero a&#8230;<\/p>\n","protected":false},"author":3,"featured_media":67562,"comment_status":"closed","ping_status":"closed","sticky":false,"template":"","format":"standard","meta":[],"categories":[15],"tags":[],"_links":{"self":[{"href":"https:\/\/www.actualidadadiario.com\/index.php\/wp-json\/wp\/v2\/posts\/67561"}],"collection":[{"href":"https:\/\/www.actualidadadiario.com\/index.php\/wp-json\/wp\/v2\/posts"}],"about":[{"href":"https:\/\/www.actualidadadiario.com\/index.php\/wp-json\/wp\/v2\/types\/post"}],"author":[{"embeddable":true,"href":"https:\/\/www.actualidadadiario.com\/index.php\/wp-json\/wp\/v2\/users\/3"}],"replies":[{"embeddable":true,"href":"https:\/\/www.actualidadadiario.com\/index.php\/wp-json\/wp\/v2\/comments?post=67561"}],"version-history":[{"count":1,"href":"https:\/\/www.actualidadadiario.com\/index.php\/wp-json\/wp\/v2\/posts\/67561\/revisions"}],"predecessor-version":[{"id":67563,"href":"https:\/\/www.actualidadadiario.com\/index.php\/wp-json\/wp\/v2\/posts\/67561\/revisions\/67563"}],"wp:featuredmedia":[{"embeddable":true,"href":"https:\/\/www.actualidadadiario.com\/index.php\/wp-json\/wp\/v2\/media\/67562"}],"wp:attachment":[{"href":"https:\/\/www.actualidadadiario.com\/index.php\/wp-json\/wp\/v2\/media?parent=67561"}],"wp:term":[{"taxonomy":"category","embeddable":true,"href":"https:\/\/www.actualidadadiario.com\/index.php\/wp-json\/wp\/v2\/categories?post=67561"},{"taxonomy":"post_tag","embeddable":true,"href":"https:\/\/www.actualidadadiario.com\/index.php\/wp-json\/wp\/v2\/tags?post=67561"}],"curies":[{"name":"wp","href":"https:\/\/api.w.org\/{rel}","templated":true}]}}