{"id":67523,"date":"2020-09-25T12:11:10","date_gmt":"2020-09-25T15:11:10","guid":{"rendered":"https:\/\/www.actualidadadiario.com\/?p=67523"},"modified":"2020-09-28T16:16:34","modified_gmt":"2020-09-28T19:16:34","slug":"daniel-arroyo-es-el-primer-ministro-en-dar-positivo-de-coronavirus","status":"publish","type":"post","link":"https:\/\/www.actualidadadiario.com\/index.php\/2020\/09\/25\/daniel-arroyo-es-el-primer-ministro-en-dar-positivo-de-coronavirus\/","title":{"rendered":"Daniel Arroyo es el primer ministro en dar positivo de coronavirus"},"content":{"rendered":"<p style=\"text-align: center;\"><em><strong>&#8220;Tengo s\u00edntomas leves y me encuentro bien de \u00e1nimo&#8221;, inform\u00f3 el ministro de Desarrollo Social<\/strong><\/em><\/p>\n<p>&nbsp;<\/p>\n<p>Daniel Arroyo es el primer ministro del gabinete de Alberto Fern\u00e1ndez en dar positivo de coronavirus. El titular de Desarrollo Social inform\u00f3 que s\u00f3lo tiene s\u00edntomas leves.<\/p>\n<p>&#8220;Quiero contarles que di positivo de COVID-19. Tengo s\u00edntomas leves y me encuentro bien de \u00e1nimo. Voy a seguir trabajando de forma remota. Es muy importante que sigamos cuid\u00e1ndonos entre todas y todos&#8221;, escribi\u00f3 en su cuenta de Twitter.<\/p>\n<p>A mediados de junio pasado, Arroyo hab\u00eda iniciado un protocolo de aislamiento por riesgo de contagio de coronavirus, tras haberse reunido con el intendente de Lomas de Zamora, Mart\u00edn Insaurralde, quien hab\u00eda confirmado resultado positivo de Covid-19.<\/p>\n<p>El 12 de junio, Arroyo iba a compartir con el presidente Alberto Fern\u00e1ndez un viaje a Catamarca, que debi\u00f3 ser suspendido ante el riesgo de contagio, pero finalmente el ministro dio negativo a la prueba.<\/p>\n<p>De esta forma, el funcionario se hab\u00eda convertido en el primer funcionario nacional en cuarentena estricta y, ahora, en el primer caso de positivo de coronavirus en la primera l\u00ednea del Gabinete de Gobierno.<\/p>\n","protected":false},"excerpt":{"rendered":"<p>&#8220;Tengo s\u00edntomas leves y me encuentro bien de \u00e1nimo&#8221;, inform\u00f3 el ministro de Desarrollo Social &nbsp; Daniel Arroyo es el primer ministro del gabinete de Alberto Fern\u00e1ndez en dar positivo de coronavirus. El titular de Desarrollo Social inform\u00f3 que s\u00f3lo tiene s\u00edntomas leves. &#8220;Quiero contarles que di positivo de COVID-19. Tengo s\u00edntomas leves y me encuentro bien de \u00e1nimo. Voy a seguir trabajando de forma remota. Es muy importante que sigamos cuid\u00e1ndonos entre todas y todos&#8221;, escribi\u00f3 en su cuenta de Twitter. A mediados de junio pasado, Arroyo hab\u00eda iniciado&#8230;<\/p>\n","protected":false},"author":3,"featured_media":67524,"comment_status":"closed","ping_status":"closed","sticky":false,"template":"","format":"standard","meta":[],"categories":[18],"tags":[],"_links":{"self":[{"href":"https:\/\/www.actualidadadiario.com\/index.php\/wp-json\/wp\/v2\/posts\/67523"}],"collection":[{"href":"https:\/\/www.actualidadadiario.com\/index.php\/wp-json\/wp\/v2\/posts"}],"about":[{"href":"https:\/\/www.actualidadadiario.com\/index.php\/wp-json\/wp\/v2\/types\/post"}],"author":[{"embeddable":true,"href":"https:\/\/www.actualidadadiario.com\/index.php\/wp-json\/wp\/v2\/users\/3"}],"replies":[{"embeddable":true,"href":"https:\/\/www.actualidadadiario.com\/index.php\/wp-json\/wp\/v2\/comments?post=67523"}],"version-history":[{"count":1,"href":"https:\/\/www.actualidadadiario.com\/index.php\/wp-json\/wp\/v2\/posts\/67523\/revisions"}],"predecessor-version":[{"id":67525,"href":"https:\/\/www.actualidadadiario.com\/index.php\/wp-json\/wp\/v2\/posts\/67523\/revisions\/67525"}],"wp:featuredmedia":[{"embeddable":true,"href":"https:\/\/www.actualidadadiario.com\/index.php\/wp-json\/wp\/v2\/media\/67524"}],"wp:attachment":[{"href":"https:\/\/www.actualidadadiario.com\/index.php\/wp-json\/wp\/v2\/media?parent=67523"}],"wp:term":[{"taxonomy":"category","embeddable":true,"href":"https:\/\/www.actualidadadiario.com\/index.php\/wp-json\/wp\/v2\/categories?post=67523"},{"taxonomy":"post_tag","embeddable":true,"href":"https:\/\/www.actualidadadiario.com\/index.php\/wp-json\/wp\/v2\/tags?post=67523"}],"curies":[{"name":"wp","href":"https:\/\/api.w.org\/{rel}","templated":true}]}}