{"id":67487,"date":"2020-09-25T11:58:33","date_gmt":"2020-09-25T14:58:33","guid":{"rendered":"https:\/\/www.actualidadadiario.com\/?p=67487"},"modified":"2020-09-28T16:16:54","modified_gmt":"2020-09-28T19:16:54","slug":"diputados-incorporo-la-interpretacion-simultanea-en-lengua-de-senas","status":"publish","type":"post","link":"https:\/\/www.actualidadadiario.com\/index.php\/2020\/09\/25\/diputados-incorporo-la-interpretacion-simultanea-en-lengua-de-senas\/","title":{"rendered":"Diputados incorpor\u00f3 la interpretaci\u00f3n simult\u00e1nea en lengua de se\u00f1as"},"content":{"rendered":"<p style=\"text-align: center;\"><em><strong>A partir de la d\u00e9cima Sesi\u00f3n Ordinaria, la C\u00e1mara de Diputados de Entre R\u00edos por decisi\u00f3n de su presidente, Angel Giano, incorpor\u00f3 la participaci\u00f3n de int\u00e9rpretes en simult\u00e1neo de lengua de se\u00f1as \u00b7 La medida permite una mayor accesibilidad a la informaci\u00f3n y garantiza m\u00e1s derechos<\/strong><\/em><\/p>\n<p>&nbsp;<\/p>\n<p>&nbsp;<\/p>\n<p>&#8220;La decisi\u00f3n de incorporar la interpretaci\u00f3n en simult\u00e1neo, justo en la semana en la que conmemoramos la lengua de se\u00f1as, nos parece acertada y loable&#8221;, reflexion\u00f3 el int\u00e9rprete de LSA, Gabriel Clari\u00e1, quien particip\u00f3 del desarrollo de la d\u00e9cima Sesi\u00f3n de la C\u00e1mara de Diputados junto a su par Jazm\u00edn Vieytes y la asesora Sorda Marianela Salzmann.<\/p>\n<p>&#8220;Este es un mensaje claro y contundente, una pol\u00edtica p\u00fablica que tiene que trascender y perdurar. Y tambi\u00e9n es un mensaje que espera ser tomado en otros estamentos para seguir garantizando derechos&#8221;, reflexion\u00f3 Clari\u00e1.<\/p>\n<p>Sobre la importancia de la interpretaci\u00f3n en simult\u00e1neo, el Clari\u00e1 resalt\u00f3 que &#8220;la accesibilidad es fundamental para el desarrollo de las personas Sordas porque no solo implica un reconocimiento a toda una comunidad sino que tambi\u00e9n es una manera de poder construir una ciudadan\u00eda&#8221;. Adem\u00e1s, Clari\u00e1 agreg\u00f3: &#8220;Con la inclusi\u00f3n de estas medidas, las personas Sordas tienen la posibilidad de conocer c\u00f3mo es el funcionamiento de la Legislatura, pueden pensarse en ocupar esos roles y representando a un colectivo&#8221;.<\/p>\n<p>Por \u00faltimo, Clari\u00e1 reconoci\u00f3 el valioso aporte que significa el acompa\u00f1amiento de la asesora ling\u00fc\u00edstico cultural Sorda, Marianela Salzmann: &#8220;Su presencia cumple con una funci\u00f3n muy importante ya que a trav\u00e9s de sus herramientas podemos llegar a\u00fan mejor a la comunidad&#8221;.<\/p>\n","protected":false},"excerpt":{"rendered":"<p>A partir de la d\u00e9cima Sesi\u00f3n Ordinaria, la C\u00e1mara de Diputados de Entre R\u00edos por decisi\u00f3n de su presidente, Angel Giano, incorpor\u00f3 la participaci\u00f3n de int\u00e9rpretes en simult\u00e1neo de lengua de se\u00f1as \u00b7 La medida permite una mayor accesibilidad a la informaci\u00f3n y garantiza m\u00e1s derechos &nbsp; &nbsp; &#8220;La decisi\u00f3n de incorporar la interpretaci\u00f3n en simult\u00e1neo, justo en la semana en la que conmemoramos la lengua de se\u00f1as, nos parece acertada y loable&#8221;, reflexion\u00f3 el int\u00e9rprete de LSA, Gabriel Clari\u00e1, quien particip\u00f3 del desarrollo de la d\u00e9cima Sesi\u00f3n de la&#8230;<\/p>\n","protected":false},"author":3,"featured_media":67488,"comment_status":"closed","ping_status":"closed","sticky":false,"template":"","format":"standard","meta":[],"categories":[15],"tags":[],"_links":{"self":[{"href":"https:\/\/www.actualidadadiario.com\/index.php\/wp-json\/wp\/v2\/posts\/67487"}],"collection":[{"href":"https:\/\/www.actualidadadiario.com\/index.php\/wp-json\/wp\/v2\/posts"}],"about":[{"href":"https:\/\/www.actualidadadiario.com\/index.php\/wp-json\/wp\/v2\/types\/post"}],"author":[{"embeddable":true,"href":"https:\/\/www.actualidadadiario.com\/index.php\/wp-json\/wp\/v2\/users\/3"}],"replies":[{"embeddable":true,"href":"https:\/\/www.actualidadadiario.com\/index.php\/wp-json\/wp\/v2\/comments?post=67487"}],"version-history":[{"count":1,"href":"https:\/\/www.actualidadadiario.com\/index.php\/wp-json\/wp\/v2\/posts\/67487\/revisions"}],"predecessor-version":[{"id":67489,"href":"https:\/\/www.actualidadadiario.com\/index.php\/wp-json\/wp\/v2\/posts\/67487\/revisions\/67489"}],"wp:featuredmedia":[{"embeddable":true,"href":"https:\/\/www.actualidadadiario.com\/index.php\/wp-json\/wp\/v2\/media\/67488"}],"wp:attachment":[{"href":"https:\/\/www.actualidadadiario.com\/index.php\/wp-json\/wp\/v2\/media?parent=67487"}],"wp:term":[{"taxonomy":"category","embeddable":true,"href":"https:\/\/www.actualidadadiario.com\/index.php\/wp-json\/wp\/v2\/categories?post=67487"},{"taxonomy":"post_tag","embeddable":true,"href":"https:\/\/www.actualidadadiario.com\/index.php\/wp-json\/wp\/v2\/tags?post=67487"}],"curies":[{"name":"wp","href":"https:\/\/api.w.org\/{rel}","templated":true}]}}