{"id":67484,"date":"2020-09-25T11:57:41","date_gmt":"2020-09-25T14:57:41","guid":{"rendered":"https:\/\/www.actualidadadiario.com\/?p=67484"},"modified":"2020-09-28T16:16:55","modified_gmt":"2020-09-28T19:16:55","slug":"entre-rios-sanciono-su-ley-de-cupo-laboral-travesti-y-trans","status":"publish","type":"post","link":"https:\/\/www.actualidadadiario.com\/index.php\/2020\/09\/25\/entre-rios-sanciono-su-ley-de-cupo-laboral-travesti-y-trans\/","title":{"rendered":"Entre R\u00edos sancion\u00f3 su ley de cupo laboral travesti y trans"},"content":{"rendered":"<p style=\"text-align: center;\"><em><strong>La C\u00e1mara de Diputados de Entre R\u00edos sancion\u00f3 la ley de cupo laboral travesti y trans, al aprobar el proyecto que la semana pasada hab\u00eda sido aprobado en el Senado provincial. La nueva ley -que actualiza art\u00edculos de la ley 9.671 de violencia laboral- establece un principio de &#8220;no discriminaci\u00f3n, donde toda persona tiene derecho al trabajo digno y productivo, a condiciones equitativas y satisfactorias, protecci\u00f3n contra el desempleo, sin discriminaci\u00f3n por motivos de su identidad de g\u00e9nero&#8221;<\/strong><\/em><\/p>\n<p>&nbsp;<\/p>\n<p>&nbsp;<\/p>\n<p>En la sesi\u00f3n, que se realiz\u00f3 de manera virtual, diputadas y diputados convirtieron en ley el proyecto que hab\u00eda sido presentado por la ex legisladora Emilse Pross, en 2018, y que fue modificado en el Senado entrerriano el pasado 17 de septiembre.<\/p>\n<p>La norma establece que al menos un 1por ciento del personal del Estado provincial, sus organismos descentralizados y empresas p\u00fablicas est\u00e9 ocupado por &#8220;personas travestis, transexuales y transg\u00e9nero, que re\u00fanan condiciones de idoneidad para el cargo&#8221;. Para que entre en vigencia, el Poder Ejecutivo provincial debe reglamentar la ley en los pr\u00f3ximos 90 d\u00edas.<\/p>\n<p>La sanci\u00f3n &#8220;da un importante impulso a la campa\u00f1a nacional&#8221; de inclusi\u00f3n laboral travesti trans, celebr\u00f3 Alejandra Elcura, vicepresidenta de la ONG Liga LGBTIQ+ de las Provincias, que particip\u00f3 de la redacci\u00f3n de la iniciativa y el tr\u00e1mite parlamentario.<\/p>\n<p>&#8220;Esta ley es fundamental para el colectivo travesti trans, ya que tendremos la oportunidad de acceder al derecho al trabajo tanto en el \u00e1mbito p\u00fablico como privado&#8221;, dijo Vanina Palacios, referente de la Secretar\u00eda de Diversidad del PJ Paran\u00e1 e integrante de la Liga. \u201cEs un conquista hist\u00f3rica para nuestro colectivo en la provincia que esperamos que tenga un impacto en las localidades que ya cuentan con ordenanzas de este tipo pero cuya implementaci\u00f3n est\u00e1 paralizada o demorada. Necesitamos que ciudades como Paran\u00e1, Victoria y Rosario del Tala comiencen a incluir personas travestis y trans, como mandan sus normativas locales\u201d manifest\u00f3 Karen Bruselario, referente de la organizaci\u00f3n Diversidad Victoria y Secretaria de Familias Diversas e Infancias Libres de la Liga.<\/p>\n<p>\u201cEsta ley es una importante herramienta de pol\u00edtica p\u00fablica para que nuestra comunidad pueda acceder al empleo formal y para que, de este forma, el ejercicio de la prostituci\u00f3n deje de ser la \u00fanica salida para nosotres. La ley va a mejorar la calidad de vida de nuestro colectivo, estamos muy felices\u201d, a\u00f1adi\u00f3 Bruselario.<\/p>\n","protected":false},"excerpt":{"rendered":"<p>La C\u00e1mara de Diputados de Entre R\u00edos sancion\u00f3 la ley de cupo laboral travesti y trans, al aprobar el proyecto que la semana pasada hab\u00eda sido aprobado en el Senado provincial. La nueva ley -que actualiza art\u00edculos de la ley 9.671 de violencia laboral- establece un principio de &#8220;no discriminaci\u00f3n, donde toda persona tiene derecho al trabajo digno y productivo, a condiciones equitativas y satisfactorias, protecci\u00f3n contra el desempleo, sin discriminaci\u00f3n por motivos de su identidad de g\u00e9nero&#8221; &nbsp; &nbsp; En la sesi\u00f3n, que se realiz\u00f3 de manera virtual, diputadas&#8230;<\/p>\n","protected":false},"author":3,"featured_media":67485,"comment_status":"closed","ping_status":"closed","sticky":false,"template":"","format":"standard","meta":[],"categories":[9,15],"tags":[],"_links":{"self":[{"href":"https:\/\/www.actualidadadiario.com\/index.php\/wp-json\/wp\/v2\/posts\/67484"}],"collection":[{"href":"https:\/\/www.actualidadadiario.com\/index.php\/wp-json\/wp\/v2\/posts"}],"about":[{"href":"https:\/\/www.actualidadadiario.com\/index.php\/wp-json\/wp\/v2\/types\/post"}],"author":[{"embeddable":true,"href":"https:\/\/www.actualidadadiario.com\/index.php\/wp-json\/wp\/v2\/users\/3"}],"replies":[{"embeddable":true,"href":"https:\/\/www.actualidadadiario.com\/index.php\/wp-json\/wp\/v2\/comments?post=67484"}],"version-history":[{"count":1,"href":"https:\/\/www.actualidadadiario.com\/index.php\/wp-json\/wp\/v2\/posts\/67484\/revisions"}],"predecessor-version":[{"id":67486,"href":"https:\/\/www.actualidadadiario.com\/index.php\/wp-json\/wp\/v2\/posts\/67484\/revisions\/67486"}],"wp:featuredmedia":[{"embeddable":true,"href":"https:\/\/www.actualidadadiario.com\/index.php\/wp-json\/wp\/v2\/media\/67485"}],"wp:attachment":[{"href":"https:\/\/www.actualidadadiario.com\/index.php\/wp-json\/wp\/v2\/media?parent=67484"}],"wp:term":[{"taxonomy":"category","embeddable":true,"href":"https:\/\/www.actualidadadiario.com\/index.php\/wp-json\/wp\/v2\/categories?post=67484"},{"taxonomy":"post_tag","embeddable":true,"href":"https:\/\/www.actualidadadiario.com\/index.php\/wp-json\/wp\/v2\/tags?post=67484"}],"curies":[{"name":"wp","href":"https:\/\/api.w.org\/{rel}","templated":true}]}}