{"id":67482,"date":"2020-09-25T11:56:52","date_gmt":"2020-09-25T14:56:52","guid":{"rendered":"https:\/\/www.actualidadadiario.com\/?p=67482"},"modified":"2020-09-28T16:16:55","modified_gmt":"2020-09-28T19:16:55","slug":"el-cge-dio-a-conocer-los-procedimientos-para-las-inscripciones-2021-al-nivel-primario","status":"publish","type":"post","link":"https:\/\/www.actualidadadiario.com\/index.php\/2020\/09\/25\/el-cge-dio-a-conocer-los-procedimientos-para-las-inscripciones-2021-al-nivel-primario\/","title":{"rendered":"El CGE dio a conocer los procedimientos para las inscripciones 2021 al nivel primario"},"content":{"rendered":"<p style=\"text-align: center;\"><em><strong>El Consejo General de Educaci\u00f3n (CGE) anuncia los procedimientos para las inscripciones y reinscripciones al nivel primario del sistema educativo entrerriano para el ciclo lectivo 2021. El pasaje de jard\u00edn a 1\u00ba grado en la misma escuela ser\u00e1 autom\u00e1tico<\/strong><\/em><\/p>\n<p>&nbsp;<\/p>\n<p>&nbsp;<\/p>\n<p><strong>Inscripci\u00f3n Educaci\u00f3n Primaria 2021<\/strong><\/p>\n<p>Para optimizar los procesos y la inscripci\u00f3n de ni\u00f1os y ni\u00f1as de la sala de 5 a\u00f1os de la Educaci\u00f3n Inicial a 1\u00b0 grado de la Educaci\u00f3n Primaria dentro de la misma instituci\u00f3n educativa (y UENI con convenio), el pase se realizar\u00e1 de forma autom\u00e1tica, una vez que las familias hayan confirmado la inscripci\u00f3n para el ciclo lectivo 2021. De igual forma se proceder\u00e1 con el traspaso de los alumnos que est\u00e9n entre 1\u00b0 y 6\u00b0 y contin\u00faen en la misma escuela.<\/p>\n<p>Cada instituci\u00f3n deber\u00e1 ofrecer de acuerdo a su contexto, distintas alternativas para que las familias puedan inscribir a los estudiantes, las cuales pueden realizarse a trav\u00e9s de WhatsApp o por medio de un correo electr\u00f3nico de la escuela, dando la posibilidad de otorgar turnos presenciales a quienes no puedan acceder a estas herramientas.<\/p>\n<p>Asimismo, en el marco de la Circular N\u00ba 22\/2020 del CGE, las direcciones de Educaci\u00f3n Primaria y de Educaci\u00f3n de Gesti\u00f3n Privada informan la exenci\u00f3n del plazo para las inscripciones y reinscripciones de los alumnos, las cuales ser\u00e1n desde el 10 de octubre hasta el 30 de noviembre con el objetivo de garantizar la igualdad de oportunidades a todos los estudiantes.<\/p>\n<p>De estar forma, la directora de Educaci\u00f3n Primaria, Mabel Creolani destac\u00f3 que &#8220;nuestra intenci\u00f3n es ofrecer, en este contexto tan particular, las mejores alternativas para garantizar la escolaridad de nuestros alumnos, acercando a las familias y a las escuelas una serie de propuestas para llevar a cabo el proceso de inscripci\u00f3n y reinscripci\u00f3n desde una pol\u00edtica de cuidado&#8221;, asegur\u00f3 la funcionaria.<\/p>\n<p>Del mismo modo, explic\u00f3 que en este documento &#8220;las escuelas y los equipos directivos van a encontrar una serie de pautas para llevar a cabo esta instancia, a los fines de dar tranquilidad a las familias y de cumplir con los procesos administrativos que aseguren el derecho a la educaci\u00f3n tanto de los ni\u00f1os que ingresan al primer grado como a aquellos que contin\u00faan su tr\u00e1nsito por el nivel primario&#8221;, explic\u00f3.<\/p>\n<p>Por su parte, la directora de Educaci\u00f3n Privada, Patricia Palleiro asegur\u00f3 que &#8220;esta circular no s\u00f3lo orienta a cada instituci\u00f3n sobre c\u00f3mo organizar la instancia de inscripciones, sino tambi\u00e9n sobre c\u00f3mo informar a la comunidad acerca de las distintas opciones que est\u00e1n disponibles para llevarla a cabo. Siempre teniendo en cuenta si las familias cuentan con acceso a la conectividad o no. Es importante que las instituciones escolares acompa\u00f1en a las familias con todas sus dudas&#8221;.<\/p>\n<p>Respecto a las escuelas privadas, Palleiro explic\u00f3 que &#8220;los familiares de los estudiantes tienen que ponerse en contacto con las instituciones para abonar la matr\u00edcula, la cual se va a poder pagar en dos o tres cuotas. Tambi\u00e9n es necesario decir que los padres que tengan cuotas atrasadas, no van a tener inconvenientes en anotar a sus hijos. Lo importante es que las escuelas van a dar todas las posibilidades para el pago y que los ni\u00f1os puedan continuar sus estudios en las mismas instituciones&#8221;, aclar\u00f3.<\/p>\n","protected":false},"excerpt":{"rendered":"<p>El Consejo General de Educaci\u00f3n (CGE) anuncia los procedimientos para las inscripciones y reinscripciones al nivel primario del sistema educativo entrerriano para el ciclo lectivo 2021. El pasaje de jard\u00edn a 1\u00ba grado en la misma escuela ser\u00e1 autom\u00e1tico &nbsp; &nbsp; Inscripci\u00f3n Educaci\u00f3n Primaria 2021 Para optimizar los procesos y la inscripci\u00f3n de ni\u00f1os y ni\u00f1as de la sala de 5 a\u00f1os de la Educaci\u00f3n Inicial a 1\u00b0 grado de la Educaci\u00f3n Primaria dentro de la misma instituci\u00f3n educativa (y UENI con convenio), el pase se realizar\u00e1 de forma autom\u00e1tica,&#8230;<\/p>\n","protected":false},"author":3,"featured_media":61952,"comment_status":"closed","ping_status":"closed","sticky":false,"template":"","format":"standard","meta":[],"categories":[15],"tags":[],"_links":{"self":[{"href":"https:\/\/www.actualidadadiario.com\/index.php\/wp-json\/wp\/v2\/posts\/67482"}],"collection":[{"href":"https:\/\/www.actualidadadiario.com\/index.php\/wp-json\/wp\/v2\/posts"}],"about":[{"href":"https:\/\/www.actualidadadiario.com\/index.php\/wp-json\/wp\/v2\/types\/post"}],"author":[{"embeddable":true,"href":"https:\/\/www.actualidadadiario.com\/index.php\/wp-json\/wp\/v2\/users\/3"}],"replies":[{"embeddable":true,"href":"https:\/\/www.actualidadadiario.com\/index.php\/wp-json\/wp\/v2\/comments?post=67482"}],"version-history":[{"count":1,"href":"https:\/\/www.actualidadadiario.com\/index.php\/wp-json\/wp\/v2\/posts\/67482\/revisions"}],"predecessor-version":[{"id":67483,"href":"https:\/\/www.actualidadadiario.com\/index.php\/wp-json\/wp\/v2\/posts\/67482\/revisions\/67483"}],"wp:featuredmedia":[{"embeddable":true,"href":"https:\/\/www.actualidadadiario.com\/index.php\/wp-json\/wp\/v2\/media\/61952"}],"wp:attachment":[{"href":"https:\/\/www.actualidadadiario.com\/index.php\/wp-json\/wp\/v2\/media?parent=67482"}],"wp:term":[{"taxonomy":"category","embeddable":true,"href":"https:\/\/www.actualidadadiario.com\/index.php\/wp-json\/wp\/v2\/categories?post=67482"},{"taxonomy":"post_tag","embeddable":true,"href":"https:\/\/www.actualidadadiario.com\/index.php\/wp-json\/wp\/v2\/tags?post=67482"}],"curies":[{"name":"wp","href":"https:\/\/api.w.org\/{rel}","templated":true}]}}