{"id":67451,"date":"2020-09-24T12:41:53","date_gmt":"2020-09-24T15:41:53","guid":{"rendered":"https:\/\/www.actualidadadiario.com\/?p=67451"},"modified":"2020-09-28T16:16:56","modified_gmt":"2020-09-28T19:16:56","slug":"definiciones-de-guzman-ni-desdoblamiento-ni-devaluacion","status":"publish","type":"post","link":"https:\/\/www.actualidadadiario.com\/index.php\/2020\/09\/24\/definiciones-de-guzman-ni-desdoblamiento-ni-devaluacion\/","title":{"rendered":"Definiciones de Guzm\u00e1n: ni desdoblamiento ni devaluaci\u00f3n"},"content":{"rendered":"<p style=\"text-align: center;\"><em><strong>El ministro de Econom\u00eda sostuvo que &#8220;todas las herramientas se consideran y se discuten pero la decisi\u00f3n ya se tom\u00f3&#8221;. Adem\u00e1s descart\u00f3 la devaluaci\u00f3n y afirm\u00f3 que &#8220;las medidas fueron totalmente consensuadas&#8221; entre su cartera y el Banco Central<\/strong><\/em><\/p>\n<p>&nbsp;<\/p>\n<p>&nbsp;<\/p>\n<p>&nbsp;<\/p>\n<p>Tras una semana de marchas y contramarchas por las nuevas restricciones al d\u00f3lar ahorro, el ministro de Econom\u00eda, Mart\u00edn Guzm\u00e1n concedi\u00f3 una entrevista donde expres\u00f3 que tuvieron que tomar \u201cmedidas que no son simp\u00e1ticas\u201d pero son \u201cpara detener la ca\u00edda de reservas\u201d. Tambi\u00e9n asegur\u00f3 que son &#8220;transitorias&#8221; y que se priorizaron frente a la posibilidad de efectuar un desdoblamiento cambiario o una devaluaci\u00f3n.<\/p>\n<p>\u201cHab\u00eda distintas alternativas, una fue la que se tom\u00f3. Otra era un mecanismo de mercado m\u00e1s formal: un desdoblamiento cambiario\u201d, afirm\u00f3 el funcionario, pero dej\u00f3 en claro que desdoblar el tipo de cambio ahora \u201cest\u00e1 fuera de agenda\u201d.<\/p>\n<p>Tras las nuevas medidas y su exposici\u00f3n en la c\u00e1mara de Diputados por el proyecto de ley del Presupuesto 2021, el ministro consider\u00f3 que la brecha cambiaria \u201ces un problema\u201d y explic\u00f3 que intentan \u201cestabilizarla para luego reducirla\u201d en di\u00e1logo con Infobae.<\/p>\n<p>Adem\u00e1s, Guzm\u00e1n se refiri\u00f3 al impacto que genera el cambio en la cotizaci\u00f3n del d\u00f3lar en los precios locales. \u201cLa falta de divisas genera efectos sobre los precios, pero la parte monetaria tambi\u00e9n tiene que ver, hay muchos pesos en relaci\u00f3n a los d\u00f3lares\u201d afirm\u00f3.<\/p>\n<p>Argentina aument\u00f3 la emisi\u00f3n monetaria en 2020 para poder sostener los gastos que requiere la pandemia global de coronavirus. Se estima que al final de este a\u00f1o, se habr\u00e1 impreso m\u00e1s de 2 billones de pesos.<\/p>\n<p>Con respecto a la inflaci\u00f3n, el ministro sostuvo que \u201cpara reducir la inflaci\u00f3n hay que atacar el problema macroecon\u00f3mico como un todo\u201d y que \u201ceste a\u00f1o la inflaci\u00f3n est\u00e1 bajando con respecto al a\u00f1o anterior, en un contexto de recesi\u00f3n\u201d.<\/p>\n<p>Guzm\u00e1n tambi\u00e9n se refiri\u00f3 a la medida que impide a las empresas adquirir m\u00e1s del 40% del su saldo de deuda en moneda extranjera al precio oficial: \u201cEl problema es que si todos hacen lo mismo no se puede: el pa\u00eds se queda sin reservas y termina habiendo un salto cambiario mayor\u201d. Tambi\u00e9n propuso que &#8220;cada empresa hace lo m\u00e1s barato: tener financiamiento en pesos y comprar d\u00f3lares al tipo de cambio oficial.&#8221;<\/p>\n<p>En la entrevista, el titular de la cartera de Econom\u00eda reafirm\u00f3 que Argentina \u201ctiene que recuperar la estabilidad del peso\u201d y asegur\u00f3 que desde el primer d\u00eda de gobierno intentan generar \u201cinstrumentos de ahorro y financiamiento en nuestra moneda y que paguen tasas de inter\u00e9s reales, positivas y sostenibles en las que se conf\u00ede\u201d.<\/p>\n<p>\u201cEstamos todos en el mismo barco y se busca resolver una inconsistencia macroecon\u00f3mica\u201d, asegur\u00f3 el ministro.<\/p>\n","protected":false},"excerpt":{"rendered":"<p>El ministro de Econom\u00eda sostuvo que &#8220;todas las herramientas se consideran y se discuten pero la decisi\u00f3n ya se tom\u00f3&#8221;. Adem\u00e1s descart\u00f3 la devaluaci\u00f3n y afirm\u00f3 que &#8220;las medidas fueron totalmente consensuadas&#8221; entre su cartera y el Banco Central &nbsp; &nbsp; &nbsp; Tras una semana de marchas y contramarchas por las nuevas restricciones al d\u00f3lar ahorro, el ministro de Econom\u00eda, Mart\u00edn Guzm\u00e1n concedi\u00f3 una entrevista donde expres\u00f3 que tuvieron que tomar \u201cmedidas que no son simp\u00e1ticas\u201d pero son \u201cpara detener la ca\u00edda de reservas\u201d. Tambi\u00e9n asegur\u00f3 que son &#8220;transitorias&#8221; y&#8230;<\/p>\n","protected":false},"author":3,"featured_media":67452,"comment_status":"closed","ping_status":"closed","sticky":false,"template":"","format":"standard","meta":[],"categories":[18],"tags":[],"_links":{"self":[{"href":"https:\/\/www.actualidadadiario.com\/index.php\/wp-json\/wp\/v2\/posts\/67451"}],"collection":[{"href":"https:\/\/www.actualidadadiario.com\/index.php\/wp-json\/wp\/v2\/posts"}],"about":[{"href":"https:\/\/www.actualidadadiario.com\/index.php\/wp-json\/wp\/v2\/types\/post"}],"author":[{"embeddable":true,"href":"https:\/\/www.actualidadadiario.com\/index.php\/wp-json\/wp\/v2\/users\/3"}],"replies":[{"embeddable":true,"href":"https:\/\/www.actualidadadiario.com\/index.php\/wp-json\/wp\/v2\/comments?post=67451"}],"version-history":[{"count":1,"href":"https:\/\/www.actualidadadiario.com\/index.php\/wp-json\/wp\/v2\/posts\/67451\/revisions"}],"predecessor-version":[{"id":67453,"href":"https:\/\/www.actualidadadiario.com\/index.php\/wp-json\/wp\/v2\/posts\/67451\/revisions\/67453"}],"wp:featuredmedia":[{"embeddable":true,"href":"https:\/\/www.actualidadadiario.com\/index.php\/wp-json\/wp\/v2\/media\/67452"}],"wp:attachment":[{"href":"https:\/\/www.actualidadadiario.com\/index.php\/wp-json\/wp\/v2\/media?parent=67451"}],"wp:term":[{"taxonomy":"category","embeddable":true,"href":"https:\/\/www.actualidadadiario.com\/index.php\/wp-json\/wp\/v2\/categories?post=67451"},{"taxonomy":"post_tag","embeddable":true,"href":"https:\/\/www.actualidadadiario.com\/index.php\/wp-json\/wp\/v2\/tags?post=67451"}],"curies":[{"name":"wp","href":"https:\/\/api.w.org\/{rel}","templated":true}]}}