{"id":67419,"date":"2020-09-24T12:30:02","date_gmt":"2020-09-24T15:30:02","guid":{"rendered":"https:\/\/www.actualidadadiario.com\/?p=67419"},"modified":"2020-09-28T16:17:08","modified_gmt":"2020-09-28T19:17:08","slug":"extienden-la-prohibicion-de-despidos-por-60-dias-mas","status":"publish","type":"post","link":"https:\/\/www.actualidadadiario.com\/index.php\/2020\/09\/24\/extienden-la-prohibicion-de-despidos-por-60-dias-mas\/","title":{"rendered":"Extienden la prohibici\u00f3n de despidos por 60 d\u00edas m\u00e1s"},"content":{"rendered":"<p style=\"text-align: center;\"><em><strong>Empresas contin\u00faan limitadas para reducir su n\u00f3mina de empleados &#8220;sin justa causa&#8221;, por &#8220;fuerza mayor&#8221; o disminuci\u00f3n de la demanda de trabajo<\/strong><\/em><\/p>\n<p>&nbsp;<\/p>\n<p>&nbsp;<\/p>\n<p>El impacto de la pandemia de coronavirus contin\u00faa reportando s\u00edntomas de crisis y con el desempleo que ya trep\u00f3 al 13,1% durante el segundo trimestre, el gobierno extendi\u00f3 por tercera vez la prohibici\u00f3n de despidos hasta el 30 de noviembre.<\/p>\n<p>A trav\u00e9s del decreto 716, se inhabilita por el plazo de 60 d\u00edas h\u00e1biles la desvinculaci\u00f3n de la planta laboral por &#8220;fuerza mayor&#8221;, &#8220;sin justa causa&#8221; o disminuci\u00f3n de la demanda.<\/p>\n<p>El texto que lleva la firma del pleno de ministros y del presidente Alberto Fern\u00e1ndez, se oficializ\u00f3 este jueves, horas despu\u00e9s de que el Instituto Nacional de Estad\u00edsticas y Censos (Indec) revelera los datos del segundo tercio del a\u00f1o, y el de mayor impacto de la emergencia sanitaria por la pandemia: entre abril y junio se sumaron 72.000 nuevos desocupados en comparaci\u00f3n al primer trimestre.<\/p>\n<p>&#8220;Prorr\u00f3gase la prohibici\u00f3n de efectuar despidos sin justa causa y por las causales de falta o disminuci\u00f3n de trabajo y fuerza mayor por el plazo de SESENTA (60) d\u00edas contados a partir del vencimiento del plazo establecido por el Decreto N\u00b0 624\/20&#8221;, indica el documento oficial.<\/p>\n<p>En tanto, y al igual que en las dos normativas anteriores, quedan exceptuadas las suspensiones efectuadas en los t\u00e9rminos del art\u00edculo 223 bis de la Ley de Contrato de Trabajo, como tampoco tendr\u00e1 impacto en las contrataciones celebradas con posterioridad a su entrada en vigencia.<\/p>\n<p>Adem\u00e1s, las prohibiciones previstas no ser\u00e1n de aplicaci\u00f3n en el \u00e1mbito del Sector P\u00fablico Nacional definido en el art\u00edculo 8\u00b0 de la Ley N\u00b0 24.156 y sus modificatorias, con independencia del r\u00e9gimen jur\u00eddico al que se encuentre sujeto el personal de los organismos, sociedades, empresas o entidades que lo integran.<\/p>\n<p>Para el titular de la CGT, H\u00e9ctor Daer, la inhabilitaci\u00f3n se trata de una herramienta que permiti\u00f3 redoblar &#8220;esfuerzos en empresas que tienen una situaci\u00f3n complicada para mantener a sus trabajadores adentro&#8221;, sin embargo reconoci\u00f3 en que &#8220;hubo casos en que lo inevitable fue inevitable&#8221;.<\/p>\n","protected":false},"excerpt":{"rendered":"<p>Empresas contin\u00faan limitadas para reducir su n\u00f3mina de empleados &#8220;sin justa causa&#8221;, por &#8220;fuerza mayor&#8221; o disminuci\u00f3n de la demanda de trabajo &nbsp; &nbsp; El impacto de la pandemia de coronavirus contin\u00faa reportando s\u00edntomas de crisis y con el desempleo que ya trep\u00f3 al 13,1% durante el segundo trimestre, el gobierno extendi\u00f3 por tercera vez la prohibici\u00f3n de despidos hasta el 30 de noviembre. A trav\u00e9s del decreto 716, se inhabilita por el plazo de 60 d\u00edas h\u00e1biles la desvinculaci\u00f3n de la planta laboral por &#8220;fuerza mayor&#8221;, &#8220;sin justa causa&#8221;&#8230;<\/p>\n","protected":false},"author":3,"featured_media":62898,"comment_status":"closed","ping_status":"closed","sticky":false,"template":"","format":"standard","meta":[],"categories":[9],"tags":[],"_links":{"self":[{"href":"https:\/\/www.actualidadadiario.com\/index.php\/wp-json\/wp\/v2\/posts\/67419"}],"collection":[{"href":"https:\/\/www.actualidadadiario.com\/index.php\/wp-json\/wp\/v2\/posts"}],"about":[{"href":"https:\/\/www.actualidadadiario.com\/index.php\/wp-json\/wp\/v2\/types\/post"}],"author":[{"embeddable":true,"href":"https:\/\/www.actualidadadiario.com\/index.php\/wp-json\/wp\/v2\/users\/3"}],"replies":[{"embeddable":true,"href":"https:\/\/www.actualidadadiario.com\/index.php\/wp-json\/wp\/v2\/comments?post=67419"}],"version-history":[{"count":1,"href":"https:\/\/www.actualidadadiario.com\/index.php\/wp-json\/wp\/v2\/posts\/67419\/revisions"}],"predecessor-version":[{"id":67420,"href":"https:\/\/www.actualidadadiario.com\/index.php\/wp-json\/wp\/v2\/posts\/67419\/revisions\/67420"}],"wp:featuredmedia":[{"embeddable":true,"href":"https:\/\/www.actualidadadiario.com\/index.php\/wp-json\/wp\/v2\/media\/62898"}],"wp:attachment":[{"href":"https:\/\/www.actualidadadiario.com\/index.php\/wp-json\/wp\/v2\/media?parent=67419"}],"wp:term":[{"taxonomy":"category","embeddable":true,"href":"https:\/\/www.actualidadadiario.com\/index.php\/wp-json\/wp\/v2\/categories?post=67419"},{"taxonomy":"post_tag","embeddable":true,"href":"https:\/\/www.actualidadadiario.com\/index.php\/wp-json\/wp\/v2\/tags?post=67419"}],"curies":[{"name":"wp","href":"https:\/\/api.w.org\/{rel}","templated":true}]}}