{"id":67369,"date":"2020-09-23T12:41:56","date_gmt":"2020-09-23T15:41:56","guid":{"rendered":"https:\/\/www.actualidadadiario.com\/?p=67369"},"modified":"2020-09-28T16:17:19","modified_gmt":"2020-09-28T19:17:19","slug":"juntos-por-el-cambio-pide-sesiones-presenciales-para-el-presupuesto-y-el-aporte-solidario","status":"publish","type":"post","link":"https:\/\/www.actualidadadiario.com\/index.php\/2020\/09\/23\/juntos-por-el-cambio-pide-sesiones-presenciales-para-el-presupuesto-y-el-aporte-solidario\/","title":{"rendered":"Juntos por el Cambio pide sesiones presenciales para el Presupuesto y el aporte solidario"},"content":{"rendered":"<p style=\"text-align: center;\"><em><strong>Juntos por el Cambio pidi\u00f3 que el Presupuesto 2021 y el proyecto de Aporte Extraordinario a las Grandes Fortunas se traten de forma presencial en un recinto, que por primera vez en la historia, podr\u00eda estar por fuera del Congreso de la Naci\u00f3n<\/strong><\/em><\/p>\n<p>&nbsp;<\/p>\n<p>&nbsp;<\/p>\n<p>El pedido formal que lleva la firma de los tres jefes de bloque, Mario Negri (UCR), Cristian Ritondo (PRO) y Maximiliano Ferraro (Coalici\u00f3n C\u00edvica), lleg\u00f3 al despacho de Sergio Massa minutos antes de que comenzara la exposici\u00f3n del ministro de Econom\u00eda, Mart\u00edn Guzm\u00e1n. El primero de los dos temas que se tratar\u00eda nuevamente de forma presencial es el Aporte Extraordinario. Luego de postergar la firma del dictamen, el titular de la comisi\u00f3n de Presupuesto y Hacienda, Carlos Heller, anunci\u00f3 que este viernes avanzar\u00edan con el texto definitivo para tratarlo en el recinto, para tratarlo en el recinto en las pr\u00f3ximas semanas. Mientras que para el Presupuesto 2021 se prev\u00e9 un debate de m\u00e1s de un mes en la comisi\u00f3n, en el que estar\u00e1n presentes distintos funcionarios de la cartera que lidera Guzm\u00e1n.<\/p>\n<p>Distintos diputados de la alianza opositora entienden que el Frente de Todos &#8220;no va a querer discutir estos temas de relevancia a trav\u00e9s de una pantalla&#8221;, mientras el macrismo ocupa las bancas de forma presencial. Estiman que alrededor de 70 legisladores oficialistas estar\u00e1n presentes para debatir la ley de leyes y el proyecto que busca que los m\u00e1s ricos haga un aporte extra para paliar la mega crisis que gener\u00f3 la pandemia.<\/p>\n<p>El macrismo siempre tuvo la intenci\u00f3n de tratar el Presupuesto 2021 de forma presencial. Consideran que una ley de esta dimensi\u00f3n no puede tratarse de forma on line. Incluso, se lo adelantaron al titular del cuerpo, Sergio Massa, el pasado ocho de septiembre cuando firmaron el nuevo protocolo, que habilita a tratar temas con mayor\u00eda presencial.<\/p>\n<p>Por otro lado, en las \u00faltimas horas resolvieron tambi\u00e9n tratar codo a codo el Aporte Extraordinario. En un principio, iban a buscar que sea a de forma telem\u00e1tica, ya que un grupo de radicales estaba dispuesto a votar a favor de la iniciativa, y no quer\u00edan exponer sus fisuras internas ante el pleno del cuerpo. Finalmente, acordaron una posici\u00f3n de rechazo absoluto, que buscar\u00e1n defender de forma presencial.<\/p>\n<p>&#8220;Esto no es un circo romano, donde gana el que m\u00e1s fuerza hace. Si quieren sesionar en persona, est\u00e1 bien. Pero que lo hagan para dar un mejor debate, no para hacer ruido y nada m\u00e1s&#8221;, se\u00f1al\u00f3 una de las autoridades del Frente de Todos en la C\u00e1mara baja en di\u00e1logo con este medio. Algo as\u00ed ya sucedi\u00f3 el pasado primero de septiembre, cuando, sin protocolo sanitario, el macrismo enfil\u00f3 sus tropas al recinto y un centenar de diputados reclam\u00f3 por sesiones presenciales, sin previo acuerdo con las autoridades de la C\u00e1mara. Una semana m\u00e1s tarde se conoci\u00f3 que el diputado por Santa Fe Jos\u00e9 Nu\u00f1ez (JpC), que hab\u00eda estado en la sesi\u00f3n, ten\u00eda coronavirus.<\/p>\n<p>Esta discusi\u00f3n qued\u00f3 saldada a la semana siguiente. Firmaron un nuevo protocolo, que en el tercer punto establece que la C\u00e1mara de Diputados deber\u00e1 &#8220;arbitrar los medios para la realizaci\u00f3n de una sesi\u00f3n presencial&#8221;, en caso de que un grupo de diez diputados proponga el tratamiento de &#8220;un asunto con modalidad presencial y remota&#8221;. Esta misma cl\u00e1usula considera que &#8220;las personas que integran grupos de riesgo podr\u00e1n solicitar su participaci\u00f3n remota&#8221;. A distancia tambi\u00e9n podr\u00e1n hacerlo quienes &#8220;por nota fundada lo soliciten ante la Presidencia&#8221; de la C\u00e1mara baja.<\/p>\n<p>En este contexto, el macrismo ahora s\u00ed puede sesionar con una mayor\u00eda presencial, aunque deber\u00e1n estar conectados a la red VPN y votar mediante el dispositivo electr\u00f3nico. Esto les permite mantener una misma plataforma de sesi\u00f3n con las y los diputados que por distintos motivos no puedan estar presentes f\u00edsicamente durante el debate.<\/p>\n<p>La \u00faltima sesi\u00f3n cara a cara de Diputados fue el primero de marzo. En aquella ocasi\u00f3n el presidente Alberto Fern\u00e1ndez dej\u00f3 inaugurado un nuevo per\u00edodo de sesiones ordinarias, ante la Asamblea Legislativa. Con la pandemia en sus principios, el trabajo en el recinto, se vio frenado. Esto fue as\u00ed hasta el 13 de mayo, cuando por primera vez m\u00e1s de 200 diputados sesionaron por fuera del Palacio Legislativo, conectados a una red VPN y una teleconferencia que los comunicaba con sus pares.<\/p>\n<p>En paralelo, los diputados volver\u00e1n a sesionar de forma virtual el pr\u00f3ximo jueves a las 15. El temario del d\u00eda incluye cuatro temas que cuentan con un amplio consenso entre los principales sectores. Se le dar\u00e1 media sanci\u00f3n al proyecto que crea el r\u00e9gimen de defensa de los activos del Fondo de Garant\u00eda de Sustentabilidad (FGS), y con esto se resuelve la deuda de la mayor\u00eda de las provincias argentinas con la Anses. Tambi\u00e9n est\u00e1 el proyecto del diputado Pablo Carro que proh\u00edbe la asistencia econ\u00f3mica del Estado a las empresas radicadas en para\u00edsos fiscales o que hayan evadido al fisco.<\/p>\n","protected":false},"excerpt":{"rendered":"<p>Juntos por el Cambio pidi\u00f3 que el Presupuesto 2021 y el proyecto de Aporte Extraordinario a las Grandes Fortunas se traten de forma presencial en un recinto, que por primera vez en la historia, podr\u00eda estar por fuera del Congreso de la Naci\u00f3n &nbsp; &nbsp; El pedido formal que lleva la firma de los tres jefes de bloque, Mario Negri (UCR), Cristian Ritondo (PRO) y Maximiliano Ferraro (Coalici\u00f3n C\u00edvica), lleg\u00f3 al despacho de Sergio Massa minutos antes de que comenzara la exposici\u00f3n del ministro de Econom\u00eda, Mart\u00edn Guzm\u00e1n. El primero&#8230;<\/p>\n","protected":false},"author":3,"featured_media":67370,"comment_status":"closed","ping_status":"closed","sticky":false,"template":"","format":"standard","meta":[],"categories":[18],"tags":[],"_links":{"self":[{"href":"https:\/\/www.actualidadadiario.com\/index.php\/wp-json\/wp\/v2\/posts\/67369"}],"collection":[{"href":"https:\/\/www.actualidadadiario.com\/index.php\/wp-json\/wp\/v2\/posts"}],"about":[{"href":"https:\/\/www.actualidadadiario.com\/index.php\/wp-json\/wp\/v2\/types\/post"}],"author":[{"embeddable":true,"href":"https:\/\/www.actualidadadiario.com\/index.php\/wp-json\/wp\/v2\/users\/3"}],"replies":[{"embeddable":true,"href":"https:\/\/www.actualidadadiario.com\/index.php\/wp-json\/wp\/v2\/comments?post=67369"}],"version-history":[{"count":1,"href":"https:\/\/www.actualidadadiario.com\/index.php\/wp-json\/wp\/v2\/posts\/67369\/revisions"}],"predecessor-version":[{"id":67371,"href":"https:\/\/www.actualidadadiario.com\/index.php\/wp-json\/wp\/v2\/posts\/67369\/revisions\/67371"}],"wp:featuredmedia":[{"embeddable":true,"href":"https:\/\/www.actualidadadiario.com\/index.php\/wp-json\/wp\/v2\/media\/67370"}],"wp:attachment":[{"href":"https:\/\/www.actualidadadiario.com\/index.php\/wp-json\/wp\/v2\/media?parent=67369"}],"wp:term":[{"taxonomy":"category","embeddable":true,"href":"https:\/\/www.actualidadadiario.com\/index.php\/wp-json\/wp\/v2\/categories?post=67369"},{"taxonomy":"post_tag","embeddable":true,"href":"https:\/\/www.actualidadadiario.com\/index.php\/wp-json\/wp\/v2\/tags?post=67369"}],"curies":[{"name":"wp","href":"https:\/\/api.w.org\/{rel}","templated":true}]}}