{"id":67367,"date":"2020-09-23T12:41:09","date_gmt":"2020-09-23T15:41:09","guid":{"rendered":"https:\/\/www.actualidadadiario.com\/?p=67367"},"modified":"2020-09-28T16:17:20","modified_gmt":"2020-09-28T19:17:20","slug":"ministros-de-educacion-de-todo-el-pais-cruzaron-a-soledad-acuna-por-su-intencion-de-volver-a-clases-presenciales","status":"publish","type":"post","link":"https:\/\/www.actualidadadiario.com\/index.php\/2020\/09\/23\/ministros-de-educacion-de-todo-el-pais-cruzaron-a-soledad-acuna-por-su-intencion-de-volver-a-clases-presenciales\/","title":{"rendered":"Ministros de Educaci\u00f3n de todo el pa\u00eds cruzaron a Soledad Acu\u00f1a por su intenci\u00f3n de volver a clases presenciales"},"content":{"rendered":"<p style=\"text-align: center;\"><em><strong>Se trata de los ministros de Chaco, Chubut, Entre R\u00edos, Formosa, La Pampa, La Rioja, Neuqu\u00e9n, provincia de Buenos Aires, San Luis, Santa Fe, R\u00edo Negro, Santa Cruz, Tucum\u00e1n, Tierra del Fuego, Catamarca, San Juan y Santiago del Estero. &#8220;Me preocupa que no haya pares m\u00edos que busquen maneras de volver&#8221;, dijo la ministra porte\u00f1a de Educaci\u00f3n, Soledad Acu\u00f1a<\/strong><\/em><\/p>\n<p>&nbsp;<\/p>\n<p>&nbsp;<\/p>\n<p>Los ministros de Educaci\u00f3n de Chaco, Chubut, Entre R\u00edos, Formosa, La Pampa, La Rioja, Neuqu\u00e9n, provincia de Buenos Aires, San Luis, Santa Fe, R\u00edo Negro, Santa Cruz , Tucum\u00e1n, Tierra del Fuego, Catamarca, San Juan y Santiago del Estero cruzaron a su par porte\u00f1a, Soledad Acu\u00f1a, y expresaron que el regreso a las clases presenciales es una inquietud que los une.<\/p>\n<p>&#8220;Me preocupa que no haya pares m\u00edos que busquen maneras de volver&#8221;, dijo en declaraciones radiales la ministra porte\u00f1a de Educaci\u00f3n, Soledad Acu\u00f1a, lo cual gener\u00f3 la respuesta de los funcionarios.<\/p>\n<p>\u201cAnte las declaraciones de la ministra Acu\u00f1a, poniendo en duda nuestra preocupaci\u00f3n por el retorno a las clases presenciales, nos interesa transmitir a la opini\u00f3n p\u00fablica que tenemos un compromiso activo y responsable con el ejercicio del derecho a educarse de nuestras ni\u00f1as, ni\u00f1os, adolescentes y j\u00f3venes\u201d, dijo el Gobierno de Catamarca, San Juan y Santiago del Estero en un comunicado conjunto.<\/p>\n<p>\u201cNo nos da igual que nuestras alumnas y nuestros alumnos tengan o no clases, pero tampoco adherimos a un regreso presencial a las escuelas que no respete los protocolos que todas las ministras y los ministros de Educaci\u00f3n de la Argentina aceptamos como reglas de trabajo com\u00fan y de cumplimiento obligatorio para que el retorno se concrete en las mejores condiciones posibles\u201d, a\u00f1adieron.<\/p>\n<p>Los ministros aseguraron que \u201cla continuidad pedag\u00f3gica que hemos acordado es el camino que consideramos m\u00e1s pertinente. Cuidamos y seguimos ense\u00f1ando a la vez. En esa l\u00ednea, estamos y vamos a continuar sin poner en riesgo a nuestros docentes y estudiantes\u201d.<\/p>\n<p>Por su parte, desde Chaco, Chubut, Entre R\u00edos, Formosa, La Pampa, La Rioja, Neuqu\u00e9n, PBA, San Luis, Santa Fe, R\u00edo Negro, Santa Cruz, Tucum\u00e1n y Tierra del Fuego respondieron a la titular de la cartera educativa porte\u00f1a asegurando que \u201cla escuela es irremplazable\u201d. Sin embargo, aclararon: \u201cDeseamos fervorosamente que el regreso a ella se concrete, pero no de cualquier modo. Nuestros esfuerzos est\u00e1n dirigidos a garantizar que el derecho a la educaci\u00f3n se ejerza de manera plena en todas nuestras jurisdicciones\u201d.<\/p>\n<p>\u201cReconocemos y asumimos que la situaci\u00f3n epidemiol\u00f3gica del pa\u00eds no permite de manera objetiva que esto ocurra y ante este hecho hemos decido avanzar en la continuidad pedag\u00f3gica con estrategias variadas que hemos acordado en el Consejo Federal\u201d, expresaron las provincias antes mencionadas.<\/p>\n<p>Los ministros concluyeron en el comunicado conjunto: \u201cSostenemos las decisiones que hemos acordado porque colectivamente nos obligamos a ello, pero tambi\u00e9n por respeto y cuidado de nuestros estudiantes y docentes, que en definitiva son nuestra prioridad\u201d.<\/p>\n<p>Mientras tanto, el Gobierno porte\u00f1o contin\u00faa con su intenci\u00f3n de retornar a clases presenciales con un sector del alumnado en espacios abiertos, como patios, calles y plazas.<\/p>\n","protected":false},"excerpt":{"rendered":"<p>Se trata de los ministros de Chaco, Chubut, Entre R\u00edos, Formosa, La Pampa, La Rioja, Neuqu\u00e9n, provincia de Buenos Aires, San Luis, Santa Fe, R\u00edo Negro, Santa Cruz, Tucum\u00e1n, Tierra del Fuego, Catamarca, San Juan y Santiago del Estero. &#8220;Me preocupa que no haya pares m\u00edos que busquen maneras de volver&#8221;, dijo la ministra porte\u00f1a de Educaci\u00f3n, Soledad Acu\u00f1a &nbsp; &nbsp; Los ministros de Educaci\u00f3n de Chaco, Chubut, Entre R\u00edos, Formosa, La Pampa, La Rioja, Neuqu\u00e9n, provincia de Buenos Aires, San Luis, Santa Fe, R\u00edo Negro, Santa Cruz , Tucum\u00e1n,&#8230;<\/p>\n","protected":false},"author":3,"featured_media":65370,"comment_status":"closed","ping_status":"closed","sticky":false,"template":"","format":"standard","meta":[],"categories":[18],"tags":[],"_links":{"self":[{"href":"https:\/\/www.actualidadadiario.com\/index.php\/wp-json\/wp\/v2\/posts\/67367"}],"collection":[{"href":"https:\/\/www.actualidadadiario.com\/index.php\/wp-json\/wp\/v2\/posts"}],"about":[{"href":"https:\/\/www.actualidadadiario.com\/index.php\/wp-json\/wp\/v2\/types\/post"}],"author":[{"embeddable":true,"href":"https:\/\/www.actualidadadiario.com\/index.php\/wp-json\/wp\/v2\/users\/3"}],"replies":[{"embeddable":true,"href":"https:\/\/www.actualidadadiario.com\/index.php\/wp-json\/wp\/v2\/comments?post=67367"}],"version-history":[{"count":1,"href":"https:\/\/www.actualidadadiario.com\/index.php\/wp-json\/wp\/v2\/posts\/67367\/revisions"}],"predecessor-version":[{"id":67368,"href":"https:\/\/www.actualidadadiario.com\/index.php\/wp-json\/wp\/v2\/posts\/67367\/revisions\/67368"}],"wp:featuredmedia":[{"embeddable":true,"href":"https:\/\/www.actualidadadiario.com\/index.php\/wp-json\/wp\/v2\/media\/65370"}],"wp:attachment":[{"href":"https:\/\/www.actualidadadiario.com\/index.php\/wp-json\/wp\/v2\/media?parent=67367"}],"wp:term":[{"taxonomy":"category","embeddable":true,"href":"https:\/\/www.actualidadadiario.com\/index.php\/wp-json\/wp\/v2\/categories?post=67367"},{"taxonomy":"post_tag","embeddable":true,"href":"https:\/\/www.actualidadadiario.com\/index.php\/wp-json\/wp\/v2\/tags?post=67367"}],"curies":[{"name":"wp","href":"https:\/\/api.w.org\/{rel}","templated":true}]}}