{"id":67333,"date":"2020-09-23T12:29:30","date_gmt":"2020-09-23T15:29:30","guid":{"rendered":"https:\/\/www.actualidadadiario.com\/?p=67333"},"modified":"2020-09-28T16:17:20","modified_gmt":"2020-09-28T19:17:20","slug":"aparecio-el-corazon-esperado-para-el-joven-chajariense-emiliano-confalonieri","status":"publish","type":"post","link":"https:\/\/www.actualidadadiario.com\/index.php\/2020\/09\/23\/aparecio-el-corazon-esperado-para-el-joven-chajariense-emiliano-confalonieri\/","title":{"rendered":"Apareci\u00f3 el coraz\u00f3n esperado para el joven chajariense Emiliano Confalonieri"},"content":{"rendered":"<p style=\"text-align: center;\"><em><strong>Se trata del joven de 27 a\u00f1os, oriundo de Chajar\u00ed, que se encuentra internado en el Sanatorio Parque de Rosario. Emiliano estaba primero en la lista del INCUCAI<\/strong><\/em><\/p>\n<p>&nbsp;<\/p>\n<p>La noticia m\u00e1s esperada por Emiliano Confalonieri, su familia y amigos lleg\u00f3 en la noche del martes. Luego de varios d\u00edas de espera, apareci\u00f3 un coraz\u00f3n y este mi\u00e9rcoles el joven chajariense ser\u00e1 intervenido quir\u00fargicamente en el Sanatorio Parque de Rosario, donde est\u00e1 internado.<\/p>\n<p>Cabe recordar que Emiliano, que se encuentra estable, padece una cardiopat\u00eda y estaba primero en la lista del INCUCAI, a la espera de este acto de amor solidario, que finalmente le permiti\u00f3 recibir un coraz\u00f3n para mejorar su calidad de vida.<\/p>\n<p>\u00abUno en estos momentos se da cuenta que a cu\u00e1nta gente le importa, que cu\u00e1nta gente tiene buen coraz\u00f3n y no ha tenido problemas en subir una historia, difundiendo, a toda esa gente que estuvo movi\u00e9ndose por tel\u00e9fono a todos le agradezco y pienso hacerlo en persona porque pienso volver a mi Chajar\u00ed querido, como me dijo mi amigo esto es s\u00f3lo un tr\u00e1mite, m\u00e1s que agradecido con todos, y a esa gente que se tom\u00f3 un tiempo en escribirme y darme fuerzas palabras de aliento positivismo a esa gente de coraz\u00f3n le agradezco. Fueron much\u00edsimos y mucha gente que nunca me imagin\u00e9 pero muy agradecido\u00bb, hab\u00eda manifestado el joven.<\/p>\n","protected":false},"excerpt":{"rendered":"<p>Se trata del joven de 27 a\u00f1os, oriundo de Chajar\u00ed, que se encuentra internado en el Sanatorio Parque de Rosario. Emiliano estaba primero en la lista del INCUCAI &nbsp; La noticia m\u00e1s esperada por Emiliano Confalonieri, su familia y amigos lleg\u00f3 en la noche del martes. Luego de varios d\u00edas de espera, apareci\u00f3 un coraz\u00f3n y este mi\u00e9rcoles el joven chajariense ser\u00e1 intervenido quir\u00fargicamente en el Sanatorio Parque de Rosario, donde est\u00e1 internado. Cabe recordar que Emiliano, que se encuentra estable, padece una cardiopat\u00eda y estaba primero en la lista&#8230;<\/p>\n","protected":false},"author":3,"featured_media":67334,"comment_status":"closed","ping_status":"closed","sticky":false,"template":"","format":"standard","meta":[],"categories":[15],"tags":[],"_links":{"self":[{"href":"https:\/\/www.actualidadadiario.com\/index.php\/wp-json\/wp\/v2\/posts\/67333"}],"collection":[{"href":"https:\/\/www.actualidadadiario.com\/index.php\/wp-json\/wp\/v2\/posts"}],"about":[{"href":"https:\/\/www.actualidadadiario.com\/index.php\/wp-json\/wp\/v2\/types\/post"}],"author":[{"embeddable":true,"href":"https:\/\/www.actualidadadiario.com\/index.php\/wp-json\/wp\/v2\/users\/3"}],"replies":[{"embeddable":true,"href":"https:\/\/www.actualidadadiario.com\/index.php\/wp-json\/wp\/v2\/comments?post=67333"}],"version-history":[{"count":1,"href":"https:\/\/www.actualidadadiario.com\/index.php\/wp-json\/wp\/v2\/posts\/67333\/revisions"}],"predecessor-version":[{"id":67335,"href":"https:\/\/www.actualidadadiario.com\/index.php\/wp-json\/wp\/v2\/posts\/67333\/revisions\/67335"}],"wp:featuredmedia":[{"embeddable":true,"href":"https:\/\/www.actualidadadiario.com\/index.php\/wp-json\/wp\/v2\/media\/67334"}],"wp:attachment":[{"href":"https:\/\/www.actualidadadiario.com\/index.php\/wp-json\/wp\/v2\/media?parent=67333"}],"wp:term":[{"taxonomy":"category","embeddable":true,"href":"https:\/\/www.actualidadadiario.com\/index.php\/wp-json\/wp\/v2\/categories?post=67333"},{"taxonomy":"post_tag","embeddable":true,"href":"https:\/\/www.actualidadadiario.com\/index.php\/wp-json\/wp\/v2\/tags?post=67333"}],"curies":[{"name":"wp","href":"https:\/\/api.w.org\/{rel}","templated":true}]}}