{"id":67293,"date":"2020-09-22T11:53:18","date_gmt":"2020-09-22T14:53:18","guid":{"rendered":"https:\/\/www.actualidadadiario.com\/?p=67293"},"modified":"2020-09-28T16:17:30","modified_gmt":"2020-09-28T19:17:30","slug":"la-diputada-osuna-expuso-sobre-el-cierre-de-empresas-durante-el-macrismo","status":"publish","type":"post","link":"https:\/\/www.actualidadadiario.com\/index.php\/2020\/09\/22\/la-diputada-osuna-expuso-sobre-el-cierre-de-empresas-durante-el-macrismo\/","title":{"rendered":"La diputada Osuna expuso sobre el cierre de empresas durante el macrismo"},"content":{"rendered":"<p style=\"text-align: center;\"><em><strong>En respuesta al panorama trazado por JxC sobre la empresas que se van del pa\u00eds, Blanca Osuna present\u00f3 un listado de empresas que cerraron o redujeron sus operaciones entre 2015 y 2019, a\u00f1os en los que gobern\u00f3 el macrismo<\/strong><\/em><\/p>\n<p>&nbsp;<\/p>\n<p>&nbsp;<\/p>\n<p>El debate sobre el supuesto &#8220;\u00e9xodo&#8221; de empresas del pa\u00eds se filtr\u00f3 este lunes en el tratamiento del proyecto de Aporte Solidario y Extraordinario a las Grandes Fortunas, con discursos de diputados de Juntos por el Cambio alertando sobre esa situaci\u00f3n y de legisladores de Frente de Todos poniendo de relieve el cierre de f\u00e1bricas durante la gesti\u00f3n de Cambiemos.<\/p>\n<p>&#8220;No simplifiquemos y no generemos confusiones. Hay que darle honestidad y responsabilidad a esta discusi\u00f3n ante la remanida operaci\u00f3n montada para mostrar el \u00e9xodo de las empresas asustadas o atemorizadas por este proyecto&#8221;, se\u00f1al\u00f3 la diputada del Frente de Todos Blanca Osuna ante los planteos de Juntos por el Cambio.<\/p>\n<p>Los macristas Luciano Laspina, Pablo Torello y Carmen Polledo, entre otros integrantes de ese interbloque opositor, advirtieron sobre &#8220;la falta de inversi\u00f3n y el \u00e9xodo de empresas&#8221; que provocar\u00eda la implementaci\u00f3n del Aporte.<\/p>\n<p>El diputado radical Luis Petri present\u00f3 un proyecto por el cual cita al ministro de Producci\u00f3n, Mat\u00edas Kulfas; y al de Trabajo, Claudio Moroni, a una reuni\u00f3n conjunta de las Comisiones de Presupuesto y Hacienda, Econom\u00eda, Trabajo y Peque\u00f1as y Medianas Empresas, para que informen &#8220;respecto de las medidas a implementar para evitar el \u00e9xodo de empresas del pa\u00eds o su cierre definitivo con la consiguiente p\u00e9rdida de los puestos de trabajo y el deterioro de la situaci\u00f3n social en el pa\u00eds&#8221;.<\/p>\n<p>En respuesta a este panorama trazado por JxC, Osuna present\u00f3 un listado de empresas que cerraron o redujeron sus operaciones entre 2015 y 2019, a\u00f1os en los que gobern\u00f3 el macrismo.<\/p>\n<p>&nbsp;<\/p>\n<p><strong>La lista que expuso la legisladora es la siguiente:<\/strong><\/p>\n<p>-En julio de 2016 Massalin Particulares cerr\u00f3 su f\u00e1brica en Tucum\u00e1n.<\/p>\n<p>-En septiembre Yovilar cerr\u00f3 la planta que produc\u00eda aceitunas en La Rioja.<\/p>\n<p>-En noviembre cerr\u00f3 la textil Guilford, en Comodoro Rivadavia, con 200 despidos.<\/p>\n<p>-En enero de 2017 Alpargatas decidi\u00f3 cerrar su f\u00e1brica de Florencio Varela, y en los siguientes dos a\u00f1os y medio se deshizo de ocho de sus nueve plantas, pasando de tener casi 4.000 empleados a apenas 700.<\/p>\n<p>-En enero Bangh\u00f3 cerr\u00f3 su f\u00e1brica de computadoras de Vicente L\u00f3pez, y la empresa pas\u00f3 de 1000 empleados a 400.<\/p>\n<p>-Ese mismo mes cerr\u00f3 Cer\u00e1mica San Lorenzo en San Luis.<\/p>\n<p>-En febrero Pampero cerr\u00f3 su planta textil en Chaco.<\/p>\n<p>-La Seren\u00edsima cerr\u00f3 su planta en Rufino.<\/p>\n<p>-Puma cerr\u00f3 su planta en Sanagasta.<\/p>\n<p>-En marzo Atanor cerr\u00f3 sus plantas de Baradero y Munro.<\/p>\n<p>-En abril cerr\u00f3 la quesera Magnasco en Santa Fe.<\/p>\n<p>-En julio cerr\u00f3 la f\u00e1brica de fideos Manera, de Bah\u00eda Blanca, que llevaba 90 a\u00f1os de producci\u00f3n.<\/p>\n<p>-En agosto cerr\u00f3 la autopartista Plascar, de C\u00f3rdoba, despidiendo a sus 250 trabajadores.<\/p>\n<p>-En septiembre el grupo multinacional Aliaxis se va de la Argentina cerrando su f\u00e1brica de tubos de pl\u00e1stico Nicoll Eterplast, que se encontraba en La Tablada y empleaba a casi 200 operarios.<\/p>\n<p>-Ese mismo mes Adidas efectu\u00f3 124 despidos en su planta de Esteban Echeverr\u00eda.<\/p>\n<p>-En octubre cerr\u00f3 la textil Rolmen.<\/p>\n<p>-En noviembre la qu\u00edmica alemana Lanxess cerr\u00f3 su planta en Z\u00e1rate.<\/p>\n<p>-La Seren\u00edsima cerr\u00f3 su planta de Las Varrillas (C\u00f3rdoba).<\/p>\n<p>-En enero de 2018 cerr\u00f3 la planta de Ilolay en Santa Fe.<\/p>\n<p>-En el mismo mes cerr\u00f3 la f\u00e1brica de pl\u00e1sticos Bopp en Campana.<\/p>\n<p>-En febrero BGH cerr\u00f3 su planta de Tucum\u00e1n.<\/p>\n<p>-El mismo mes Dulcor su planta aceitunera en Catamarca.<\/p>\n<p>-Tambi\u00e9n en febrero cerr\u00f3 la hist\u00f3rica f\u00e1brica de medias Ciudadela, que funcionaba desde 1949.<\/p>\n<p>-El gobierno nacional cerr\u00f3 Fanazul, la planta de Fabricaciones Militares en Azul.<\/p>\n<p>-En marzo la qu\u00edmica Room and Haas, de la estadounidense The Dow Chemical Company, cerr\u00f3 su planta en Z\u00e1rate.<\/p>\n<p>Ese mes, en Catamarca cerraba la tradicional f\u00e1brica Barbero, con m\u00e1s de tres d\u00e9cadas de historia.<\/p>\n<p>-En abril Carrefour inici\u00f3 un proceso que deriv\u00f3 en el cierre de varias sucursales y cientos de despidos en los siguientes meses.<\/p>\n<p>-Tambi\u00e9n en abril cerr\u00f3 la f\u00e1brica de electrodom\u00e9sticos Mabe, en Haedo, dejando caso 200 trabajadores en la calle.<\/p>\n<p>-En mayo Mirgor cerr\u00f3 una de sus f\u00e1bricas de celulares en Tierra del Fuego.<\/p>\n<p>-Ese mismo mes en San Luis Cannon Puntana despidi\u00f3 a 100 de sus 130 empleados.<\/p>\n<p>-En junio cerr\u00f3 la panificadora Mait\u00e9n, de Chacabuco, proveedora de Don Satur. -En julio cerr\u00f3 la f\u00e1brica de pl\u00e1sticos Chemton en Moreno.<\/p>\n<p>-En agosto cerr\u00f3 la planta de Adidas en Esteban Echeverr\u00eda, donde solo quedaban 47 obreros de los 600 que ten\u00eda en 2016.<\/p>\n<p>-Tambi\u00e9n en agosto, el gobierno nacional ech\u00f3 a 101 trabajadores de las f\u00e1bricas militares de C\u00f3rdoba.<\/p>\n<p>-En septiembre Freddo cerr\u00f3 su f\u00e1brica de helados para &#8220;reconvertir el negocio&#8221;.<\/p>\n<p>-En octubre Renault cerr\u00f3 Metal\u00fargica Tandil y despidi\u00f3 a m\u00e1s de 100 empleados.<\/p>\n<p>-Ese mismo mes Canale cerr\u00f3 su planta en Llavallol, que tiempo despu\u00e9s ser\u00eda reabierta por sus trabajadores como cooperativa.<\/p>\n<p>-En noviembre de 2018 Acindar cerr\u00f3 su planta en Rosario, despidiendo a todos los trabajadores que quedaban.<\/p>\n<p>-La brasile\u00f1a Paquet\u00e1 cerr\u00f3 su planta en Chivilcoy, donde fabricaba Adidas y trabajaban casi 400 personas.<\/p>\n<p>-Eyelit cerr\u00f3 su planta en Catamarca.<\/p>\n<p>-Sancor cerr\u00f3 una planta en Bah\u00eda Blanca.<\/p>\n<p>-En abril de 2019 cerraron la planta de biodisel de Viluco, en Santiago del Estero.<\/p>\n<p>-Ese mismo mes cerr\u00f3 la f\u00e1brica de envases de pl\u00e1stico Consevik, en el Parque Industrial Pilar.<\/p>\n<p>-Tambi\u00e9n lo hizo la textil Alter Saic, en Chubut.<\/p>\n<p>-En mayo de 2019 Arcor cerr\u00f3 una de las plantas de La Campagnola en Mendoza.<\/p>\n<p>La exposici\u00f3n de Osuna se dio en sinton\u00eda con declaraciones de Kulfas, quien la semana pasada afirm\u00f3 que &#8220;no hay \u00e9xodo de empresas&#8221;, sino que hay casos puntuales y que no tienen que ver solo con el contexto del pa\u00eds sino con &#8220;la crisis internacional&#8221;, ya que actualmente &#8220;hay una gran cantidad de empresas anunciando nuevas inversiones en Argentina&#8221;.<\/p>\n","protected":false},"excerpt":{"rendered":"<p>En respuesta al panorama trazado por JxC sobre la empresas que se van del pa\u00eds, Blanca Osuna present\u00f3 un listado de empresas que cerraron o redujeron sus operaciones entre 2015 y 2019, a\u00f1os en los que gobern\u00f3 el macrismo &nbsp; &nbsp; El debate sobre el supuesto &#8220;\u00e9xodo&#8221; de empresas del pa\u00eds se filtr\u00f3 este lunes en el tratamiento del proyecto de Aporte Solidario y Extraordinario a las Grandes Fortunas, con discursos de diputados de Juntos por el Cambio alertando sobre esa situaci\u00f3n y de legisladores de Frente de Todos poniendo&#8230;<\/p>\n","protected":false},"author":3,"featured_media":67294,"comment_status":"closed","ping_status":"closed","sticky":false,"template":"","format":"standard","meta":[],"categories":[18],"tags":[],"_links":{"self":[{"href":"https:\/\/www.actualidadadiario.com\/index.php\/wp-json\/wp\/v2\/posts\/67293"}],"collection":[{"href":"https:\/\/www.actualidadadiario.com\/index.php\/wp-json\/wp\/v2\/posts"}],"about":[{"href":"https:\/\/www.actualidadadiario.com\/index.php\/wp-json\/wp\/v2\/types\/post"}],"author":[{"embeddable":true,"href":"https:\/\/www.actualidadadiario.com\/index.php\/wp-json\/wp\/v2\/users\/3"}],"replies":[{"embeddable":true,"href":"https:\/\/www.actualidadadiario.com\/index.php\/wp-json\/wp\/v2\/comments?post=67293"}],"version-history":[{"count":1,"href":"https:\/\/www.actualidadadiario.com\/index.php\/wp-json\/wp\/v2\/posts\/67293\/revisions"}],"predecessor-version":[{"id":67295,"href":"https:\/\/www.actualidadadiario.com\/index.php\/wp-json\/wp\/v2\/posts\/67293\/revisions\/67295"}],"wp:featuredmedia":[{"embeddable":true,"href":"https:\/\/www.actualidadadiario.com\/index.php\/wp-json\/wp\/v2\/media\/67294"}],"wp:attachment":[{"href":"https:\/\/www.actualidadadiario.com\/index.php\/wp-json\/wp\/v2\/media?parent=67293"}],"wp:term":[{"taxonomy":"category","embeddable":true,"href":"https:\/\/www.actualidadadiario.com\/index.php\/wp-json\/wp\/v2\/categories?post=67293"},{"taxonomy":"post_tag","embeddable":true,"href":"https:\/\/www.actualidadadiario.com\/index.php\/wp-json\/wp\/v2\/tags?post=67293"}],"curies":[{"name":"wp","href":"https:\/\/api.w.org\/{rel}","templated":true}]}}