{"id":67291,"date":"2020-09-22T11:52:16","date_gmt":"2020-09-22T14:52:16","guid":{"rendered":"https:\/\/www.actualidadadiario.com\/?p=67291"},"modified":"2020-09-28T16:17:30","modified_gmt":"2020-09-28T19:17:30","slug":"se-postergo-hasta-el-viernes-la-firma-del-dictamen-del-proyecto-de-aporte-solidario","status":"publish","type":"post","link":"https:\/\/www.actualidadadiario.com\/index.php\/2020\/09\/22\/se-postergo-hasta-el-viernes-la-firma-del-dictamen-del-proyecto-de-aporte-solidario\/","title":{"rendered":"Se posterg\u00f3 hasta el viernes la firma del dictamen del proyecto de aporte solidario"},"content":{"rendered":"<p style=\"text-align: center;\"><em><strong>Lo decidi\u00f3 la comisi\u00f3n de Presupuesto de la C\u00e1mara baja, a la espera de la confecci\u00f3n del texto definitivo, que es consensuado con la AFIP<\/strong><\/em><\/p>\n<p>&nbsp;<\/p>\n<p>La comisi\u00f3n de Presupuesto y Hacienda de la C\u00e1mara de Diputado decidi\u00f3 este lunes aplazar hasta el pr\u00f3ximo viernes la firma del dictamen sobre de ley de Aporte Solidario y Extraordinario de las Grandes Fortunas, a la espera de la confecci\u00f3n del texto definitivo, que es consensuado con la AFIP.<\/p>\n<p>El presidente de la comisi\u00f3n, Carlos Heller (Frente de Todos), anunci\u00f3 al principio de la reuni\u00f3n, en la que el oficialismo iba a avanzar con la firma del dictamen, que se decidi\u00f3 postergar dicha instancia porque se trabaja en la redacci\u00f3n del texto que llegar\u00e1 al recinto, con algunas modificaciones en relaci\u00f3n al original. De esta manera, tambi\u00e9n qued\u00f3 descartada la posibilidad de llevar el tema al recinto durante esta semana, en un cronograma que originalmente contemplaba hacerlo el mi\u00e9rcoles.<\/p>\n<p>Para la reuni\u00f3n de hoy -en realidad, continuidad de la realizada el mi\u00e9rcoles \u00faltimo, que pas\u00f3 a un cuarto intermedio-, el bloque de Juntos por el Cambio hab\u00eda pedido la presencia de la titular de la AFIP, Mercedes Marc\u00f3 del Pont.<\/p>\n<p>Heller inform\u00f3 que la funcionaria no pod\u00eda participar de la videoconferencia por la que se realiza el trabajo legislativo de esta tarde y a continuaci\u00f3n ley\u00f3 un extenso informe que envi\u00f3 la jefa del organismo recaudador.<\/p>\n<p>M\u00e1s all\u00e1 de la postergaci\u00f3n de la firma del dictamen, en la jornada de hoy los diputados que integran la comisi\u00f3n continuaron expresando sus posturas en torno al proyecto del Poder Ejecutivo.<\/p>\n<p>Luego de este tema, la comisi\u00f3n abordar\u00e1 el proyecto que propone la prohibici\u00f3n de ayuda econ\u00f3mica dispuesta en el marco de la emergencia sanitaria a empresas domiciliadas en para\u00edsos fiscales o aquellas con probada evasi\u00f3n fiscal, iniciativa que cuenta con un amplio consenso entre todas las bancadas.<\/p>\n","protected":false},"excerpt":{"rendered":"<p>Lo decidi\u00f3 la comisi\u00f3n de Presupuesto de la C\u00e1mara baja, a la espera de la confecci\u00f3n del texto definitivo, que es consensuado con la AFIP &nbsp; La comisi\u00f3n de Presupuesto y Hacienda de la C\u00e1mara de Diputado decidi\u00f3 este lunes aplazar hasta el pr\u00f3ximo viernes la firma del dictamen sobre de ley de Aporte Solidario y Extraordinario de las Grandes Fortunas, a la espera de la confecci\u00f3n del texto definitivo, que es consensuado con la AFIP. El presidente de la comisi\u00f3n, Carlos Heller (Frente de Todos), anunci\u00f3 al principio de&#8230;<\/p>\n","protected":false},"author":3,"featured_media":67015,"comment_status":"closed","ping_status":"closed","sticky":false,"template":"","format":"standard","meta":[],"categories":[18],"tags":[],"_links":{"self":[{"href":"https:\/\/www.actualidadadiario.com\/index.php\/wp-json\/wp\/v2\/posts\/67291"}],"collection":[{"href":"https:\/\/www.actualidadadiario.com\/index.php\/wp-json\/wp\/v2\/posts"}],"about":[{"href":"https:\/\/www.actualidadadiario.com\/index.php\/wp-json\/wp\/v2\/types\/post"}],"author":[{"embeddable":true,"href":"https:\/\/www.actualidadadiario.com\/index.php\/wp-json\/wp\/v2\/users\/3"}],"replies":[{"embeddable":true,"href":"https:\/\/www.actualidadadiario.com\/index.php\/wp-json\/wp\/v2\/comments?post=67291"}],"version-history":[{"count":1,"href":"https:\/\/www.actualidadadiario.com\/index.php\/wp-json\/wp\/v2\/posts\/67291\/revisions"}],"predecessor-version":[{"id":67292,"href":"https:\/\/www.actualidadadiario.com\/index.php\/wp-json\/wp\/v2\/posts\/67291\/revisions\/67292"}],"wp:featuredmedia":[{"embeddable":true,"href":"https:\/\/www.actualidadadiario.com\/index.php\/wp-json\/wp\/v2\/media\/67015"}],"wp:attachment":[{"href":"https:\/\/www.actualidadadiario.com\/index.php\/wp-json\/wp\/v2\/media?parent=67291"}],"wp:term":[{"taxonomy":"category","embeddable":true,"href":"https:\/\/www.actualidadadiario.com\/index.php\/wp-json\/wp\/v2\/categories?post=67291"},{"taxonomy":"post_tag","embeddable":true,"href":"https:\/\/www.actualidadadiario.com\/index.php\/wp-json\/wp\/v2\/tags?post=67291"}],"curies":[{"name":"wp","href":"https:\/\/api.w.org\/{rel}","templated":true}]}}